
			
				

					
				

			
		{"items":"\n\t\t\t\t\t\t\t\t\t\t\t\t\t\t<link rel=\"stylesheet\" id=\"wd-post-types-mod-categories-style-bg-css\" href=\"https:\/\/carismaviajes.com\/wp-content\/themes\/woodmart\/css\/parts\/post-types-mod-categories-style-bg.min.css?ver=8.2.6\" type=\"text\/css\" media=\"all\" \/> \t\t\t\n<article id=\"post-16553\" class=\"wd-post blog-design-masonry blog-post-loop blog-style-bg wd-add-shadow wd-col post-16553 post type-post status-publish format-standard has-post-thumbnail hentry category-culturales category-europa category-familias category-viajes\">\n\t<div class=\"wd-post-inner article-inner\">\n\t\t\t\t\t<div class=\"wd-post-thumb entry-header\">\n\t\t\t\t\t\t\t\t\t<div class=\"wd-post-img post-img-wrapp\">\n\t\t\t\t\t\t<img width=\"1024\" height=\"683\" src=\"https:\/\/carismaviajes.com\/wp-content\/uploads\/2025\/07\/Ronda_SeanPavone_WP10.webp\" class=\"attachment-large size-large\" alt=\"\" decoding=\"async\" srcset=\"https:\/\/carismaviajes.com\/wp-content\/uploads\/2025\/07\/Ronda_SeanPavone_WP10.webp 1024w, https:\/\/carismaviajes.com\/wp-content\/uploads\/2025\/07\/Ronda_SeanPavone_WP10-400x267.webp 400w, https:\/\/carismaviajes.com\/wp-content\/uploads\/2025\/07\/Ronda_SeanPavone_WP10-768x512.webp 768w, https:\/\/carismaviajes.com\/wp-content\/uploads\/2025\/07\/Ronda_SeanPavone_WP10-430x287.webp 430w, https:\/\/carismaviajes.com\/wp-content\/uploads\/2025\/07\/Ronda_SeanPavone_WP10-700x467.webp 700w, https:\/\/carismaviajes.com\/wp-content\/uploads\/2025\/07\/Ronda_SeanPavone_WP10-150x100.webp 150w\" sizes=\"(max-width: 1024px) 100vw, 1024px\" \/>\t\t\t\t\t<\/div>\n\t\t\t\t\t<a class=\"wd-fill\" href=\"https:\/\/carismaviajes.com\/andalucia-y-marruecos-15-dias-14-noches\/\"><\/a>\n\t\t\t\t\n\t\t\t\t\t\t\t<\/div>\n\t\t\n\t\t<div class=\"wd-post-content article-body-container\">\n\t\t\t\t\t\t\t<div class=\"wd-post-cat wd-style-with-bg meta-post-categories\">\n\t\t\t\t\t<a href=\"https:\/\/carismaviajes.com\/category\/viajes\/tipos-de-viaje\/culturales\/\" rel=\"category tag\">Culturales<\/a>, <a href=\"https:\/\/carismaviajes.com\/category\/viajes\/destinos\/europa\/\" rel=\"category tag\">Europa<\/a>, <a href=\"https:\/\/carismaviajes.com\/category\/viajes\/tipos-de-viaje\/familias\/\" rel=\"category tag\">Familias<\/a>, <a href=\"https:\/\/carismaviajes.com\/category\/viajes\/\" rel=\"category tag\">Viajes<\/a>\t\t\t\t<\/div>\n\t\t\t\n\t\t\t\t\t\t\t<h3 class=\"wd-post-title wd-entities-title title post-title\">\n\t\t\t\t\t<a href=\"https:\/\/carismaviajes.com\/andalucia-y-marruecos-15-dias-14-noches\/\" rel=\"bookmark\">Andaluc\u00eda y Marruecos &#8211; 15 d\u00edas \/ 14 noches<\/a>\n\t\t\t\t<\/h3>\n\t\t\t\n\t\t\t\t\t\t\t<div class=\"wd-post-meta\">\n\t\t\t\t\t\t\t\t\t\t\t\t\t<link rel=\"stylesheet\" id=\"wd-blog-mod-author-css\" href=\"https:\/\/carismaviajes.com\/wp-content\/themes\/woodmart\/css\/parts\/blog-mod-author.min.css?ver=8.2.6\" type=\"text\/css\" media=\"all\" \/> \t\t\t\t\t\t\t\t<div class=\"wd-post-author\">\n\t\t\t\t\t\t\t\t\t\t\t<span>Publicado por<\/span>\n\t\t\n\t\t\t\t\t<img alt='author-avatar' src='https:\/\/secure.gravatar.com\/avatar\/6003ac04b04ed03accf6e15b86046cb4666a0d4aaac6a2f952bc3699ba77a540?s=18&#038;d=mm&#038;r=g' srcset='https:\/\/secure.gravatar.com\/avatar\/6003ac04b04ed03accf6e15b86046cb4666a0d4aaac6a2f952bc3699ba77a540?s=36&#038;d=mm&#038;r=g 2x' class='avatar avatar-18 photo' height='18' width='18' decoding='async'\/>\t\t\n\t\t\t\t\t<a href=\"https:\/\/carismaviajes.com\/author\/tamara\/\" class=\"author\" rel=\"author\">Tamara<\/a>\n\t\t\t\t\t\t\t\t\t<\/div>\n\t\t\t\t\t<div class=\"wd-modified-date\">\n\t\t\t\t\t\t\t\t<time class=\"updated\" datetime=\"2025-07-14T17:27:34+02:00\">\n\t\t\t14 de julio de 2025\t\t<\/time>\n\t\t\t\t\t\t\t<\/div>\n\n\t\t\t\t\t\t\t\t\t\t\t<div class=\"wd-post-share wd-tltp\">\n\t\t\t\t\t\t\t<div class=\"tooltip top\">\n\t\t\t\t\t\t\t\t<div class=\"tooltip-inner\">\n\t\t\t\t\t\t\t\t\t\t\t\t<link rel=\"stylesheet\" id=\"wd-social-icons-css\" href=\"https:\/\/carismaviajes.com\/wp-content\/themes\/woodmart\/css\/parts\/el-social-icons.min.css?ver=8.2.6\" type=\"text\/css\" media=\"all\" \/> \t\t\t\t\t\t<div\n\t\t\t\t\t\tclass=\" wd-social-icons wd-style-default wd-size-small social-share wd-shape-circle color-scheme-light text-center\">\n\t\t\t\t\n\t\t\t\t\n\t\t\t\t\t\t\t\t\t<a rel=\"noopener noreferrer nofollow\" href=\"https:\/\/www.facebook.com\/sharer\/sharer.php?u=https:\/\/carismaviajes.com\/category\/viajes\/destinos\/\" target=\"_blank\" class=\" wd-social-icon social-facebook\" aria-label=\"Enlace social en Facebook\">\n\t\t\t\t\t\t<span class=\"wd-icon\"><\/span>\n\t\t\t\t\t\t\t\t\t\t\t<\/a>\n\t\t\t\t\n\t\t\t\t\t\t\t\t\t<a rel=\"noopener noreferrer nofollow\" href=\"https:\/\/x.com\/share?url=https:\/\/carismaviajes.com\/category\/viajes\/destinos\/\" target=\"_blank\" class=\" wd-social-icon social-twitter\" aria-label=\"X enlace social\">\n\t\t\t\t\t\t<span class=\"wd-icon\"><\/span>\n\t\t\t\t\t\t\t\t\t\t\t<\/a>\n\t\t\t\t\n\t\t\t\t\n\t\t\t\t\n\t\t\t\t\n\t\t\t\t\n\t\t\t\t\n\t\t\t\t\t\t\t\t\t<a rel=\"noopener noreferrer nofollow\" href=\"https:\/\/pinterest.com\/pin\/create\/button\/?url=https:\/\/carismaviajes.com\/category\/viajes\/destinos\/&media=https:\/\/carismaviajes.com\/wp-content\/uploads\/2025\/07\/Ronda_SeanPavone_WP10.webp&description=Andaluc%C3%ADa+y+Marruecos+%26%238211%3B+15+d%C3%ADas+%2F+14+noches\" target=\"_blank\" class=\" wd-social-icon social-pinterest\" aria-label=\"Enlace social Pinterest\">\n\t\t\t\t\t\t<span class=\"wd-icon\"><\/span>\n\t\t\t\t\t\t\t\t\t\t\t<\/a>\n\t\t\t\t\n\t\t\t\t\n\t\t\t\t\t\t\t\t\t<a rel=\"noopener noreferrer nofollow\" href=\"https:\/\/www.linkedin.com\/shareArticle?mini=true&url=https:\/\/carismaviajes.com\/category\/viajes\/destinos\/\" target=\"_blank\" class=\" wd-social-icon social-linkedin\" aria-label=\"Enlace social Linkedin\">\n\t\t\t\t\t\t<span class=\"wd-icon\"><\/span>\n\t\t\t\t\t\t\t\t\t\t\t<\/a>\n\t\t\t\t\n\t\t\t\t\n\t\t\t\t\n\t\t\t\t\n\t\t\t\t\n\t\t\t\t\n\t\t\t\t\n\t\t\t\t\n\t\t\t\t\n\t\t\t\t\n\t\t\t\t\n\t\t\t\t\n\t\t\t\t\n\t\t\t\t\n\t\t\t\t\n\t\t\t\t\t\t\t\t\t<a rel=\"noopener noreferrer nofollow\" href=\"https:\/\/telegram.me\/share\/url?url=https:\/\/carismaviajes.com\/category\/viajes\/destinos\/\" target=\"_blank\" class=\" wd-social-icon social-tg\" aria-label=\"Enlace social de Telegram\">\n\t\t\t\t\t\t<span class=\"wd-icon\"><\/span>\n\t\t\t\t\t\t\t\t\t\t\t<\/a>\n\t\t\t\t\n\t\t\t\t\n\t\t\t<\/div>\n\n\t\t\t\t\t\t\t\t\t\t<\/div>\n\t\t\t\t\t\t\t\t<div class=\"tooltip-arrow\"><\/div>\n\t\t\t\t\t\t\t<\/div>\n\t\t\t\t\t\t<\/div>\n\t\t\t\t\t\n\t\t\t\t\t\t\t\t\t<\/div>\n\t\t\t\n\t\t\t\t\t\t\t\n\t\t\t\t\t\t\t\t\t\t\t\t\t\t<div class=\"wd-post-read-more wd-style-link read-more-section\">\n\t\t\t\t\t\t<a class=\"\" href=\"https:\/\/carismaviajes.com\/andalucia-y-marruecos-15-dias-14-noches\/\">Seguir leyendo<\/a>\t\t\t\t\t<\/div>\n\t\t\t\t\t\t\t\t\t\t\t\t\t<\/div>\n\t<\/div>\n<\/article>\n\n\t\t\t\t\t\t\t\t\t\t\t\n<article id=\"post-16545\" class=\"wd-post blog-design-masonry blog-post-loop blog-style-bg wd-add-shadow wd-col post-16545 post type-post status-publish format-standard has-post-thumbnail hentry category-aventuras category-culturales category-europa category-familias category-viajes\">\n\t<div class=\"wd-post-inner article-inner\">\n\t\t\t\t\t<div class=\"wd-post-thumb entry-header\">\n\t\t\t\t\t\t\t\t\t<div class=\"wd-post-img post-img-wrapp\">\n\t\t\t\t\t\t<img width=\"1200\" height=\"800\" src=\"https:\/\/carismaviajes.com\/wp-content\/uploads\/2025\/07\/bernard-wortelboer-l5zWzwYnt_s-unsplash-1-1200x800.jpg\" class=\"attachment-large size-large\" alt=\"\" decoding=\"async\" srcset=\"https:\/\/carismaviajes.com\/wp-content\/uploads\/2025\/07\/bernard-wortelboer-l5zWzwYnt_s-unsplash-1-1200x800.jpg 1200w, https:\/\/carismaviajes.com\/wp-content\/uploads\/2025\/07\/bernard-wortelboer-l5zWzwYnt_s-unsplash-1-400x267.jpg 400w, https:\/\/carismaviajes.com\/wp-content\/uploads\/2025\/07\/bernard-wortelboer-l5zWzwYnt_s-unsplash-1-768x512.jpg 768w, https:\/\/carismaviajes.com\/wp-content\/uploads\/2025\/07\/bernard-wortelboer-l5zWzwYnt_s-unsplash-1-1536x1024.jpg 1536w, https:\/\/carismaviajes.com\/wp-content\/uploads\/2025\/07\/bernard-wortelboer-l5zWzwYnt_s-unsplash-1-2048x1365.jpg 2048w, https:\/\/carismaviajes.com\/wp-content\/uploads\/2025\/07\/bernard-wortelboer-l5zWzwYnt_s-unsplash-1-430x287.jpg 430w, https:\/\/carismaviajes.com\/wp-content\/uploads\/2025\/07\/bernard-wortelboer-l5zWzwYnt_s-unsplash-1-700x467.jpg 700w, https:\/\/carismaviajes.com\/wp-content\/uploads\/2025\/07\/bernard-wortelboer-l5zWzwYnt_s-unsplash-1-150x100.jpg 150w\" sizes=\"(max-width: 1200px) 100vw, 1200px\" \/>\t\t\t\t\t<\/div>\n\t\t\t\t\t<a class=\"wd-fill\" href=\"https:\/\/carismaviajes.com\/camino-de-santiago-frances-8-dias-7-noches\/\"><\/a>\n\t\t\t\t\n\t\t\t\t\t\t\t<\/div>\n\t\t\n\t\t<div class=\"wd-post-content article-body-container\">\n\t\t\t\t\t\t\t<div class=\"wd-post-cat wd-style-with-bg meta-post-categories\">\n\t\t\t\t\t<a href=\"https:\/\/carismaviajes.com\/category\/viajes\/tipos-de-viaje\/aventuras\/\" rel=\"category tag\">Aventuras<\/a>, <a href=\"https:\/\/carismaviajes.com\/category\/viajes\/tipos-de-viaje\/culturales\/\" rel=\"category tag\">Culturales<\/a>, <a href=\"https:\/\/carismaviajes.com\/category\/viajes\/destinos\/europa\/\" rel=\"category tag\">Europa<\/a>, <a href=\"https:\/\/carismaviajes.com\/category\/viajes\/tipos-de-viaje\/familias\/\" rel=\"category tag\">Familias<\/a>, <a href=\"https:\/\/carismaviajes.com\/category\/viajes\/\" rel=\"category tag\">Viajes<\/a>\t\t\t\t<\/div>\n\t\t\t\n\t\t\t\t\t\t\t<h3 class=\"wd-post-title wd-entities-title title post-title\">\n\t\t\t\t\t<a href=\"https:\/\/carismaviajes.com\/camino-de-santiago-frances-8-dias-7-noches\/\" rel=\"bookmark\">Camino de Santiago Franc\u00e9s &#8211; 8 d\u00edas \/ 7 noches<\/a>\n\t\t\t\t<\/h3>\n\t\t\t\n\t\t\t\t\t\t\t<div class=\"wd-post-meta\">\n\t\t\t\t\t\t\t\t\t\t\t\t\t\t\t<div class=\"wd-post-author\">\n\t\t\t\t\t\t\t\t\t\t\t<span>Publicado por<\/span>\n\t\t\n\t\t\t\t\t<img alt='author-avatar' src='https:\/\/secure.gravatar.com\/avatar\/6003ac04b04ed03accf6e15b86046cb4666a0d4aaac6a2f952bc3699ba77a540?s=18&#038;d=mm&#038;r=g' srcset='https:\/\/secure.gravatar.com\/avatar\/6003ac04b04ed03accf6e15b86046cb4666a0d4aaac6a2f952bc3699ba77a540?s=36&#038;d=mm&#038;r=g 2x' class='avatar avatar-18 photo' height='18' width='18' decoding='async'\/>\t\t\n\t\t\t\t\t<a href=\"https:\/\/carismaviajes.com\/author\/tamara\/\" class=\"author\" rel=\"author\">Tamara<\/a>\n\t\t\t\t\t\t\t\t\t<\/div>\n\t\t\t\t\t<div class=\"wd-modified-date\">\n\t\t\t\t\t\t\t\t<time class=\"updated\" datetime=\"2025-07-14T17:15:10+02:00\">\n\t\t\t14 de julio de 2025\t\t<\/time>\n\t\t\t\t\t\t\t<\/div>\n\n\t\t\t\t\t\t\t\t\t\t\t<div class=\"wd-post-share wd-tltp\">\n\t\t\t\t\t\t\t<div class=\"tooltip top\">\n\t\t\t\t\t\t\t\t<div class=\"tooltip-inner\">\n\t\t\t\t\t\t\t\t\t\t\t\t<div\n\t\t\t\t\t\tclass=\" wd-social-icons wd-style-default wd-size-small social-share wd-shape-circle color-scheme-light text-center\">\n\t\t\t\t\n\t\t\t\t\n\t\t\t\t\t\t\t\t\t<a rel=\"noopener noreferrer nofollow\" href=\"https:\/\/www.facebook.com\/sharer\/sharer.php?u=https:\/\/carismaviajes.com\/category\/viajes\/destinos\/\" target=\"_blank\" class=\" wd-social-icon social-facebook\" aria-label=\"Enlace social en Facebook\">\n\t\t\t\t\t\t<span class=\"wd-icon\"><\/span>\n\t\t\t\t\t\t\t\t\t\t\t<\/a>\n\t\t\t\t\n\t\t\t\t\t\t\t\t\t<a rel=\"noopener noreferrer nofollow\" href=\"https:\/\/x.com\/share?url=https:\/\/carismaviajes.com\/category\/viajes\/destinos\/\" target=\"_blank\" class=\" wd-social-icon social-twitter\" aria-label=\"X enlace social\">\n\t\t\t\t\t\t<span class=\"wd-icon\"><\/span>\n\t\t\t\t\t\t\t\t\t\t\t<\/a>\n\t\t\t\t\n\t\t\t\t\n\t\t\t\t\n\t\t\t\t\n\t\t\t\t\n\t\t\t\t\n\t\t\t\t\t\t\t\t\t<a rel=\"noopener noreferrer nofollow\" href=\"https:\/\/pinterest.com\/pin\/create\/button\/?url=https:\/\/carismaviajes.com\/category\/viajes\/destinos\/&media=https:\/\/carismaviajes.com\/wp-content\/uploads\/2025\/07\/bernard-wortelboer-l5zWzwYnt_s-unsplash-1-scaled.jpg&description=Camino+de+Santiago+Franc%C3%A9s+%26%238211%3B+8+d%C3%ADas+%2F+7+noches\" target=\"_blank\" class=\" wd-social-icon social-pinterest\" aria-label=\"Enlace social Pinterest\">\n\t\t\t\t\t\t<span class=\"wd-icon\"><\/span>\n\t\t\t\t\t\t\t\t\t\t\t<\/a>\n\t\t\t\t\n\t\t\t\t\n\t\t\t\t\t\t\t\t\t<a rel=\"noopener noreferrer nofollow\" href=\"https:\/\/www.linkedin.com\/shareArticle?mini=true&url=https:\/\/carismaviajes.com\/category\/viajes\/destinos\/\" target=\"_blank\" class=\" wd-social-icon social-linkedin\" aria-label=\"Enlace social Linkedin\">\n\t\t\t\t\t\t<span class=\"wd-icon\"><\/span>\n\t\t\t\t\t\t\t\t\t\t\t<\/a>\n\t\t\t\t\n\t\t\t\t\n\t\t\t\t\n\t\t\t\t\n\t\t\t\t\n\t\t\t\t\n\t\t\t\t\n\t\t\t\t\n\t\t\t\t\n\t\t\t\t\n\t\t\t\t\n\t\t\t\t\n\t\t\t\t\n\t\t\t\t\n\t\t\t\t\n\t\t\t\t\t\t\t\t\t<a rel=\"noopener noreferrer nofollow\" href=\"https:\/\/telegram.me\/share\/url?url=https:\/\/carismaviajes.com\/category\/viajes\/destinos\/\" target=\"_blank\" class=\" wd-social-icon social-tg\" aria-label=\"Enlace social de Telegram\">\n\t\t\t\t\t\t<span class=\"wd-icon\"><\/span>\n\t\t\t\t\t\t\t\t\t\t\t<\/a>\n\t\t\t\t\n\t\t\t\t\n\t\t\t<\/div>\n\n\t\t\t\t\t\t\t\t\t\t<\/div>\n\t\t\t\t\t\t\t\t<div class=\"tooltip-arrow\"><\/div>\n\t\t\t\t\t\t\t<\/div>\n\t\t\t\t\t\t<\/div>\n\t\t\t\t\t\n\t\t\t\t\t\t\t\t\t<\/div>\n\t\t\t\n\t\t\t\t\t\t\t\n\t\t\t\t\t\t\t\t\t\t\t\t\t\t<div class=\"wd-post-read-more wd-style-link read-more-section\">\n\t\t\t\t\t\t<a class=\"\" href=\"https:\/\/carismaviajes.com\/camino-de-santiago-frances-8-dias-7-noches\/\">Seguir leyendo<\/a>\t\t\t\t\t<\/div>\n\t\t\t\t\t\t\t\t\t\t\t\t\t<\/div>\n\t<\/div>\n<\/article>\n\n\t\t\t\t\t\t\t\t\t\t\t\n<article id=\"post-16538\" class=\"wd-post blog-design-masonry blog-post-loop blog-style-bg wd-add-shadow wd-col post-16538 post type-post status-publish format-standard has-post-thumbnail hentry category-culturales category-europa category-familias category-viajes\">\n\t<div class=\"wd-post-inner article-inner\">\n\t\t\t\t\t<div class=\"wd-post-thumb entry-header\">\n\t\t\t\t\t\t\t\t\t<div class=\"wd-post-img post-img-wrapp\">\n\t\t\t\t\t\t<img width=\"1200\" height=\"800\" src=\"https:\/\/carismaviajes.com\/wp-content\/uploads\/2025\/07\/eleni-afiontzi-abEW1Vlf9mE-unsplash-1200x800.jpg\" class=\"attachment-large size-large\" alt=\"\" decoding=\"async\" srcset=\"https:\/\/carismaviajes.com\/wp-content\/uploads\/2025\/07\/eleni-afiontzi-abEW1Vlf9mE-unsplash-1200x800.jpg 1200w, https:\/\/carismaviajes.com\/wp-content\/uploads\/2025\/07\/eleni-afiontzi-abEW1Vlf9mE-unsplash-400x267.jpg 400w, https:\/\/carismaviajes.com\/wp-content\/uploads\/2025\/07\/eleni-afiontzi-abEW1Vlf9mE-unsplash-768x512.jpg 768w, https:\/\/carismaviajes.com\/wp-content\/uploads\/2025\/07\/eleni-afiontzi-abEW1Vlf9mE-unsplash-1536x1024.jpg 1536w, https:\/\/carismaviajes.com\/wp-content\/uploads\/2025\/07\/eleni-afiontzi-abEW1Vlf9mE-unsplash-2048x1365.jpg 2048w, https:\/\/carismaviajes.com\/wp-content\/uploads\/2025\/07\/eleni-afiontzi-abEW1Vlf9mE-unsplash-430x287.jpg 430w, https:\/\/carismaviajes.com\/wp-content\/uploads\/2025\/07\/eleni-afiontzi-abEW1Vlf9mE-unsplash-700x467.jpg 700w, https:\/\/carismaviajes.com\/wp-content\/uploads\/2025\/07\/eleni-afiontzi-abEW1Vlf9mE-unsplash-150x100.jpg 150w\" sizes=\"(max-width: 1200px) 100vw, 1200px\" \/>\t\t\t\t\t<\/div>\n\t\t\t\t\t<a class=\"wd-fill\" href=\"https:\/\/carismaviajes.com\/andalucia-con-costa-del-sol-cordoba-y-toledo-9-dias-8-noches\/\"><\/a>\n\t\t\t\t\n\t\t\t\t\t\t\t<\/div>\n\t\t\n\t\t<div class=\"wd-post-content article-body-container\">\n\t\t\t\t\t\t\t<div class=\"wd-post-cat wd-style-with-bg meta-post-categories\">\n\t\t\t\t\t<a href=\"https:\/\/carismaviajes.com\/category\/viajes\/tipos-de-viaje\/culturales\/\" rel=\"category tag\">Culturales<\/a>, <a href=\"https:\/\/carismaviajes.com\/category\/viajes\/destinos\/europa\/\" rel=\"category tag\">Europa<\/a>, <a href=\"https:\/\/carismaviajes.com\/category\/viajes\/tipos-de-viaje\/familias\/\" rel=\"category tag\">Familias<\/a>, <a href=\"https:\/\/carismaviajes.com\/category\/viajes\/\" rel=\"category tag\">Viajes<\/a>\t\t\t\t<\/div>\n\t\t\t\n\t\t\t\t\t\t\t<h3 class=\"wd-post-title wd-entities-title title post-title\">\n\t\t\t\t\t<a href=\"https:\/\/carismaviajes.com\/andalucia-con-costa-del-sol-cordoba-y-toledo-9-dias-8-noches\/\" rel=\"bookmark\">Andalucia con Costa del Sol, C\u00f3rdoba y Toledo &#8211; 9 d\u00edas \/ 8 noches<\/a>\n\t\t\t\t<\/h3>\n\t\t\t\n\t\t\t\t\t\t\t<div class=\"wd-post-meta\">\n\t\t\t\t\t\t\t\t\t\t\t\t\t\t\t<div class=\"wd-post-author\">\n\t\t\t\t\t\t\t\t\t\t\t<span>Publicado por<\/span>\n\t\t\n\t\t\t\t\t<img alt='author-avatar' src='https:\/\/secure.gravatar.com\/avatar\/6003ac04b04ed03accf6e15b86046cb4666a0d4aaac6a2f952bc3699ba77a540?s=18&#038;d=mm&#038;r=g' srcset='https:\/\/secure.gravatar.com\/avatar\/6003ac04b04ed03accf6e15b86046cb4666a0d4aaac6a2f952bc3699ba77a540?s=36&#038;d=mm&#038;r=g 2x' class='avatar avatar-18 photo' height='18' width='18' decoding='async'\/>\t\t\n\t\t\t\t\t<a href=\"https:\/\/carismaviajes.com\/author\/tamara\/\" class=\"author\" rel=\"author\">Tamara<\/a>\n\t\t\t\t\t\t\t\t\t<\/div>\n\t\t\t\t\t<div class=\"wd-modified-date\">\n\t\t\t\t\t\t\t\t<time class=\"updated\" datetime=\"2025-07-14T17:06:08+02:00\">\n\t\t\t14 de julio de 2025\t\t<\/time>\n\t\t\t\t\t\t\t<\/div>\n\n\t\t\t\t\t\t\t\t\t\t\t<div class=\"wd-post-share wd-tltp\">\n\t\t\t\t\t\t\t<div class=\"tooltip top\">\n\t\t\t\t\t\t\t\t<div class=\"tooltip-inner\">\n\t\t\t\t\t\t\t\t\t\t\t\t<div\n\t\t\t\t\t\tclass=\" wd-social-icons wd-style-default wd-size-small social-share wd-shape-circle color-scheme-light text-center\">\n\t\t\t\t\n\t\t\t\t\n\t\t\t\t\t\t\t\t\t<a rel=\"noopener noreferrer nofollow\" href=\"https:\/\/www.facebook.com\/sharer\/sharer.php?u=https:\/\/carismaviajes.com\/category\/viajes\/destinos\/\" target=\"_blank\" class=\" wd-social-icon social-facebook\" aria-label=\"Enlace social en Facebook\">\n\t\t\t\t\t\t<span class=\"wd-icon\"><\/span>\n\t\t\t\t\t\t\t\t\t\t\t<\/a>\n\t\t\t\t\n\t\t\t\t\t\t\t\t\t<a rel=\"noopener noreferrer nofollow\" href=\"https:\/\/x.com\/share?url=https:\/\/carismaviajes.com\/category\/viajes\/destinos\/\" target=\"_blank\" class=\" wd-social-icon social-twitter\" aria-label=\"X enlace social\">\n\t\t\t\t\t\t<span class=\"wd-icon\"><\/span>\n\t\t\t\t\t\t\t\t\t\t\t<\/a>\n\t\t\t\t\n\t\t\t\t\n\t\t\t\t\n\t\t\t\t\n\t\t\t\t\n\t\t\t\t\n\t\t\t\t\t\t\t\t\t<a rel=\"noopener noreferrer nofollow\" href=\"https:\/\/pinterest.com\/pin\/create\/button\/?url=https:\/\/carismaviajes.com\/category\/viajes\/destinos\/&media=https:\/\/carismaviajes.com\/wp-content\/uploads\/2025\/07\/eleni-afiontzi-abEW1Vlf9mE-unsplash-scaled.jpg&description=Andalucia+con+Costa+del+Sol%2C+C%C3%B3rdoba+y+Toledo+%26%238211%3B+9+d%C3%ADas+%2F+8+noches\" target=\"_blank\" class=\" wd-social-icon social-pinterest\" aria-label=\"Enlace social Pinterest\">\n\t\t\t\t\t\t<span class=\"wd-icon\"><\/span>\n\t\t\t\t\t\t\t\t\t\t\t<\/a>\n\t\t\t\t\n\t\t\t\t\n\t\t\t\t\t\t\t\t\t<a rel=\"noopener noreferrer nofollow\" href=\"https:\/\/www.linkedin.com\/shareArticle?mini=true&url=https:\/\/carismaviajes.com\/category\/viajes\/destinos\/\" target=\"_blank\" class=\" wd-social-icon social-linkedin\" aria-label=\"Enlace social Linkedin\">\n\t\t\t\t\t\t<span class=\"wd-icon\"><\/span>\n\t\t\t\t\t\t\t\t\t\t\t<\/a>\n\t\t\t\t\n\t\t\t\t\n\t\t\t\t\n\t\t\t\t\n\t\t\t\t\n\t\t\t\t\n\t\t\t\t\n\t\t\t\t\n\t\t\t\t\n\t\t\t\t\n\t\t\t\t\n\t\t\t\t\n\t\t\t\t\n\t\t\t\t\n\t\t\t\t\n\t\t\t\t\t\t\t\t\t<a rel=\"noopener noreferrer nofollow\" href=\"https:\/\/telegram.me\/share\/url?url=https:\/\/carismaviajes.com\/category\/viajes\/destinos\/\" target=\"_blank\" class=\" wd-social-icon social-tg\" aria-label=\"Enlace social de Telegram\">\n\t\t\t\t\t\t<span class=\"wd-icon\"><\/span>\n\t\t\t\t\t\t\t\t\t\t\t<\/a>\n\t\t\t\t\n\t\t\t\t\n\t\t\t<\/div>\n\n\t\t\t\t\t\t\t\t\t\t<\/div>\n\t\t\t\t\t\t\t\t<div class=\"tooltip-arrow\"><\/div>\n\t\t\t\t\t\t\t<\/div>\n\t\t\t\t\t\t<\/div>\n\t\t\t\t\t\n\t\t\t\t\t\t\t\t\t<\/div>\n\t\t\t\n\t\t\t\t\t\t\t\n\t\t\t\t\t\t\t\t\t\t\t\t\t\t<div class=\"wd-post-read-more wd-style-link read-more-section\">\n\t\t\t\t\t\t<a class=\"\" href=\"https:\/\/carismaviajes.com\/andalucia-con-costa-del-sol-cordoba-y-toledo-9-dias-8-noches\/\">Seguir leyendo<\/a>\t\t\t\t\t<\/div>\n\t\t\t\t\t\t\t\t\t\t\t\t\t<\/div>\n\t<\/div>\n<\/article>\n\n\t\t\t\t\t\t\t\t\t\t\t\n<article id=\"post-16527\" class=\"wd-post blog-design-masonry blog-post-loop blog-style-bg wd-add-shadow wd-col post-16527 post type-post status-publish format-standard has-post-thumbnail hentry category-aventuras category-combinados category-culturales category-europa category-familias category-viajes tag-espana tag-europa tag-marruecos tag-portugal\">\n\t<div class=\"wd-post-inner article-inner\">\n\t\t\t\t\t<div class=\"wd-post-thumb entry-header\">\n\t\t\t\t\t\t\t\t\t<div class=\"wd-post-img post-img-wrapp\">\n\t\t\t\t\t\t<img width=\"1062\" height=\"800\" src=\"https:\/\/carismaviajes.com\/wp-content\/uploads\/2025\/07\/andreas-m-WFVEfQDEnWg-unsplash-1062x800.jpg\" class=\"attachment-large size-large\" alt=\"\" decoding=\"async\" srcset=\"https:\/\/carismaviajes.com\/wp-content\/uploads\/2025\/07\/andreas-m-WFVEfQDEnWg-unsplash-1062x800.jpg 1062w, https:\/\/carismaviajes.com\/wp-content\/uploads\/2025\/07\/andreas-m-WFVEfQDEnWg-unsplash-398x300.jpg 398w, https:\/\/carismaviajes.com\/wp-content\/uploads\/2025\/07\/andreas-m-WFVEfQDEnWg-unsplash-768x579.jpg 768w, https:\/\/carismaviajes.com\/wp-content\/uploads\/2025\/07\/andreas-m-WFVEfQDEnWg-unsplash-1536x1158.jpg 1536w, https:\/\/carismaviajes.com\/wp-content\/uploads\/2025\/07\/andreas-m-WFVEfQDEnWg-unsplash-2048x1543.jpg 2048w, https:\/\/carismaviajes.com\/wp-content\/uploads\/2025\/07\/andreas-m-WFVEfQDEnWg-unsplash-430x324.jpg 430w, https:\/\/carismaviajes.com\/wp-content\/uploads\/2025\/07\/andreas-m-WFVEfQDEnWg-unsplash-700x528.jpg 700w, https:\/\/carismaviajes.com\/wp-content\/uploads\/2025\/07\/andreas-m-WFVEfQDEnWg-unsplash-150x113.jpg 150w\" sizes=\"(max-width: 1062px) 100vw, 1062px\" \/>\t\t\t\t\t<\/div>\n\t\t\t\t\t<a class=\"wd-fill\" href=\"https:\/\/carismaviajes.com\/espana-portugal-y-marruecos-21-dias-20-noches\/\"><\/a>\n\t\t\t\t\n\t\t\t\t\t\t\t<\/div>\n\t\t\n\t\t<div class=\"wd-post-content article-body-container\">\n\t\t\t\t\t\t\t<div class=\"wd-post-cat wd-style-with-bg meta-post-categories\">\n\t\t\t\t\t<a href=\"https:\/\/carismaviajes.com\/category\/viajes\/tipos-de-viaje\/aventuras\/\" rel=\"category tag\">Aventuras<\/a>, <a href=\"https:\/\/carismaviajes.com\/category\/viajes\/destinos\/combinados\/\" rel=\"category tag\">Combinados<\/a>, <a href=\"https:\/\/carismaviajes.com\/category\/viajes\/tipos-de-viaje\/culturales\/\" rel=\"category tag\">Culturales<\/a>, <a href=\"https:\/\/carismaviajes.com\/category\/viajes\/destinos\/europa\/\" rel=\"category tag\">Europa<\/a>, <a href=\"https:\/\/carismaviajes.com\/category\/viajes\/tipos-de-viaje\/familias\/\" rel=\"category tag\">Familias<\/a>, <a href=\"https:\/\/carismaviajes.com\/category\/viajes\/\" rel=\"category tag\">Viajes<\/a>\t\t\t\t<\/div>\n\t\t\t\n\t\t\t\t\t\t\t<h3 class=\"wd-post-title wd-entities-title title post-title\">\n\t\t\t\t\t<a href=\"https:\/\/carismaviajes.com\/espana-portugal-y-marruecos-21-dias-20-noches\/\" rel=\"bookmark\">Espa\u00f1a, Portugal y Marruecos &#8211; 21 d\u00edas \/20 noches<\/a>\n\t\t\t\t<\/h3>\n\t\t\t\n\t\t\t\t\t\t\t<div class=\"wd-post-meta\">\n\t\t\t\t\t\t\t\t\t\t\t\t\t\t\t<div class=\"wd-post-author\">\n\t\t\t\t\t\t\t\t\t\t\t<span>Publicado por<\/span>\n\t\t\n\t\t\t\t\t<img alt='author-avatar' src='https:\/\/secure.gravatar.com\/avatar\/6003ac04b04ed03accf6e15b86046cb4666a0d4aaac6a2f952bc3699ba77a540?s=18&#038;d=mm&#038;r=g' srcset='https:\/\/secure.gravatar.com\/avatar\/6003ac04b04ed03accf6e15b86046cb4666a0d4aaac6a2f952bc3699ba77a540?s=36&#038;d=mm&#038;r=g 2x' class='avatar avatar-18 photo' height='18' width='18' decoding='async'\/>\t\t\n\t\t\t\t\t<a href=\"https:\/\/carismaviajes.com\/author\/tamara\/\" class=\"author\" rel=\"author\">Tamara<\/a>\n\t\t\t\t\t\t\t\t\t<\/div>\n\t\t\t\t\t<div class=\"wd-modified-date\">\n\t\t\t\t\t\t\t\t<time class=\"updated\" datetime=\"2025-07-14T16:46:58+02:00\">\n\t\t\t14 de julio de 2025\t\t<\/time>\n\t\t\t\t\t\t\t<\/div>\n\n\t\t\t\t\t\t\t\t\t\t\t<div class=\"wd-post-share wd-tltp\">\n\t\t\t\t\t\t\t<div class=\"tooltip top\">\n\t\t\t\t\t\t\t\t<div class=\"tooltip-inner\">\n\t\t\t\t\t\t\t\t\t\t\t\t<div\n\t\t\t\t\t\tclass=\" wd-social-icons wd-style-default wd-size-small social-share wd-shape-circle color-scheme-light text-center\">\n\t\t\t\t\n\t\t\t\t\n\t\t\t\t\t\t\t\t\t<a rel=\"noopener noreferrer nofollow\" href=\"https:\/\/www.facebook.com\/sharer\/sharer.php?u=https:\/\/carismaviajes.com\/category\/viajes\/destinos\/\" target=\"_blank\" class=\" wd-social-icon social-facebook\" aria-label=\"Enlace social en Facebook\">\n\t\t\t\t\t\t<span class=\"wd-icon\"><\/span>\n\t\t\t\t\t\t\t\t\t\t\t<\/a>\n\t\t\t\t\n\t\t\t\t\t\t\t\t\t<a rel=\"noopener noreferrer nofollow\" href=\"https:\/\/x.com\/share?url=https:\/\/carismaviajes.com\/category\/viajes\/destinos\/\" target=\"_blank\" class=\" wd-social-icon social-twitter\" aria-label=\"X enlace social\">\n\t\t\t\t\t\t<span class=\"wd-icon\"><\/span>\n\t\t\t\t\t\t\t\t\t\t\t<\/a>\n\t\t\t\t\n\t\t\t\t\n\t\t\t\t\n\t\t\t\t\n\t\t\t\t\n\t\t\t\t\n\t\t\t\t\t\t\t\t\t<a rel=\"noopener noreferrer nofollow\" href=\"https:\/\/pinterest.com\/pin\/create\/button\/?url=https:\/\/carismaviajes.com\/category\/viajes\/destinos\/&media=https:\/\/carismaviajes.com\/wp-content\/uploads\/2025\/07\/andreas-m-WFVEfQDEnWg-unsplash-scaled.jpg&description=Espa%C3%B1a%2C+Portugal+y+Marruecos+%26%238211%3B+21+d%C3%ADas+%2F20+noches\" target=\"_blank\" class=\" wd-social-icon social-pinterest\" aria-label=\"Enlace social Pinterest\">\n\t\t\t\t\t\t<span class=\"wd-icon\"><\/span>\n\t\t\t\t\t\t\t\t\t\t\t<\/a>\n\t\t\t\t\n\t\t\t\t\n\t\t\t\t\t\t\t\t\t<a rel=\"noopener noreferrer nofollow\" href=\"https:\/\/www.linkedin.com\/shareArticle?mini=true&url=https:\/\/carismaviajes.com\/category\/viajes\/destinos\/\" target=\"_blank\" class=\" wd-social-icon social-linkedin\" aria-label=\"Enlace social Linkedin\">\n\t\t\t\t\t\t<span class=\"wd-icon\"><\/span>\n\t\t\t\t\t\t\t\t\t\t\t<\/a>\n\t\t\t\t\n\t\t\t\t\n\t\t\t\t\n\t\t\t\t\n\t\t\t\t\n\t\t\t\t\n\t\t\t\t\n\t\t\t\t\n\t\t\t\t\n\t\t\t\t\n\t\t\t\t\n\t\t\t\t\n\t\t\t\t\n\t\t\t\t\n\t\t\t\t\n\t\t\t\t\t\t\t\t\t<a rel=\"noopener noreferrer nofollow\" href=\"https:\/\/telegram.me\/share\/url?url=https:\/\/carismaviajes.com\/category\/viajes\/destinos\/\" target=\"_blank\" class=\" wd-social-icon social-tg\" aria-label=\"Enlace social de Telegram\">\n\t\t\t\t\t\t<span class=\"wd-icon\"><\/span>\n\t\t\t\t\t\t\t\t\t\t\t<\/a>\n\t\t\t\t\n\t\t\t\t\n\t\t\t<\/div>\n\n\t\t\t\t\t\t\t\t\t\t<\/div>\n\t\t\t\t\t\t\t\t<div class=\"tooltip-arrow\"><\/div>\n\t\t\t\t\t\t\t<\/div>\n\t\t\t\t\t\t<\/div>\n\t\t\t\t\t\n\t\t\t\t\t\t\t\t\t<\/div>\n\t\t\t\n\t\t\t\t\t\t\t\n\t\t\t\t\t\t\t\t\t\t\t\t\t\t<div class=\"wd-post-read-more wd-style-link read-more-section\">\n\t\t\t\t\t\t<a class=\"\" href=\"https:\/\/carismaviajes.com\/espana-portugal-y-marruecos-21-dias-20-noches\/\">Seguir leyendo<\/a>\t\t\t\t\t<\/div>\n\t\t\t\t\t\t\t\t\t\t\t\t\t<\/div>\n\t<\/div>\n<\/article>\n\n\t\t\t\t\t\t\t\t\t\t\t\n<article id=\"post-16524\" class=\"wd-post blog-design-masonry blog-post-loop blog-style-bg wd-add-shadow wd-col post-16524 post type-post status-publish format-standard has-post-thumbnail hentry category-aventuras category-culturales category-familias category-medio-oriente category-viajes\">\n\t<div class=\"wd-post-inner article-inner\">\n\t\t\t\t\t<div class=\"wd-post-thumb entry-header\">\n\t\t\t\t\t\t\t\t\t<div class=\"wd-post-img post-img-wrapp\">\n\t\t\t\t\t\t<img width=\"1200\" height=\"800\" src=\"https:\/\/carismaviajes.com\/wp-content\/uploads\/2025\/07\/axp-photography-r78vhzLgo_M-unsplash-1200x800.jpg\" class=\"attachment-large size-large\" alt=\"\" decoding=\"async\" srcset=\"https:\/\/carismaviajes.com\/wp-content\/uploads\/2025\/07\/axp-photography-r78vhzLgo_M-unsplash-1200x800.jpg 1200w, https:\/\/carismaviajes.com\/wp-content\/uploads\/2025\/07\/axp-photography-r78vhzLgo_M-unsplash-400x267.jpg 400w, https:\/\/carismaviajes.com\/wp-content\/uploads\/2025\/07\/axp-photography-r78vhzLgo_M-unsplash-768x512.jpg 768w, https:\/\/carismaviajes.com\/wp-content\/uploads\/2025\/07\/axp-photography-r78vhzLgo_M-unsplash-1536x1024.jpg 1536w, https:\/\/carismaviajes.com\/wp-content\/uploads\/2025\/07\/axp-photography-r78vhzLgo_M-unsplash-2048x1365.jpg 2048w, https:\/\/carismaviajes.com\/wp-content\/uploads\/2025\/07\/axp-photography-r78vhzLgo_M-unsplash-430x287.jpg 430w, https:\/\/carismaviajes.com\/wp-content\/uploads\/2025\/07\/axp-photography-r78vhzLgo_M-unsplash-700x467.jpg 700w, https:\/\/carismaviajes.com\/wp-content\/uploads\/2025\/07\/axp-photography-r78vhzLgo_M-unsplash-150x100.jpg 150w\" sizes=\"(max-width: 1200px) 100vw, 1200px\" \/>\t\t\t\t\t<\/div>\n\t\t\t\t\t<a class=\"wd-fill\" href=\"https:\/\/carismaviajes.com\/egipto-express-7-dias-6-noches\/\"><\/a>\n\t\t\t\t\n\t\t\t\t\t\t\t<\/div>\n\t\t\n\t\t<div class=\"wd-post-content article-body-container\">\n\t\t\t\t\t\t\t<div class=\"wd-post-cat wd-style-with-bg meta-post-categories\">\n\t\t\t\t\t<a href=\"https:\/\/carismaviajes.com\/category\/viajes\/tipos-de-viaje\/aventuras\/\" rel=\"category tag\">Aventuras<\/a>, <a href=\"https:\/\/carismaviajes.com\/category\/viajes\/tipos-de-viaje\/culturales\/\" rel=\"category tag\">Culturales<\/a>, <a href=\"https:\/\/carismaviajes.com\/category\/viajes\/tipos-de-viaje\/familias\/\" rel=\"category tag\">Familias<\/a>, <a href=\"https:\/\/carismaviajes.com\/category\/viajes\/destinos\/medio-oriente\/\" rel=\"category tag\">Medio Oriente<\/a>, <a href=\"https:\/\/carismaviajes.com\/category\/viajes\/\" rel=\"category tag\">Viajes<\/a>\t\t\t\t<\/div>\n\t\t\t\n\t\t\t\t\t\t\t<h3 class=\"wd-post-title wd-entities-title title post-title\">\n\t\t\t\t\t<a href=\"https:\/\/carismaviajes.com\/egipto-express-7-dias-6-noches\/\" rel=\"bookmark\">Egipto Express &#8211; 7 d\u00edas \/ 6 noches<\/a>\n\t\t\t\t<\/h3>\n\t\t\t\n\t\t\t\t\t\t\t<div class=\"wd-post-meta\">\n\t\t\t\t\t\t\t\t\t\t\t\t\t\t\t<div class=\"wd-post-author\">\n\t\t\t\t\t\t\t\t\t\t\t<span>Publicado por<\/span>\n\t\t\n\t\t\t\t\t<img alt='author-avatar' src='https:\/\/secure.gravatar.com\/avatar\/6003ac04b04ed03accf6e15b86046cb4666a0d4aaac6a2f952bc3699ba77a540?s=18&#038;d=mm&#038;r=g' srcset='https:\/\/secure.gravatar.com\/avatar\/6003ac04b04ed03accf6e15b86046cb4666a0d4aaac6a2f952bc3699ba77a540?s=36&#038;d=mm&#038;r=g 2x' class='avatar avatar-18 photo' height='18' width='18' decoding='async'\/>\t\t\n\t\t\t\t\t<a href=\"https:\/\/carismaviajes.com\/author\/tamara\/\" class=\"author\" rel=\"author\">Tamara<\/a>\n\t\t\t\t\t\t\t\t\t<\/div>\n\t\t\t\t\t<div class=\"wd-modified-date\">\n\t\t\t\t\t\t\t\t<time class=\"updated\" datetime=\"2025-07-14T16:26:49+02:00\">\n\t\t\t14 de julio de 2025\t\t<\/time>\n\t\t\t\t\t\t\t<\/div>\n\n\t\t\t\t\t\t\t\t\t\t\t<div class=\"wd-post-share wd-tltp\">\n\t\t\t\t\t\t\t<div class=\"tooltip top\">\n\t\t\t\t\t\t\t\t<div class=\"tooltip-inner\">\n\t\t\t\t\t\t\t\t\t\t\t\t<div\n\t\t\t\t\t\tclass=\" wd-social-icons wd-style-default wd-size-small social-share wd-shape-circle color-scheme-light text-center\">\n\t\t\t\t\n\t\t\t\t\n\t\t\t\t\t\t\t\t\t<a rel=\"noopener noreferrer nofollow\" href=\"https:\/\/www.facebook.com\/sharer\/sharer.php?u=https:\/\/carismaviajes.com\/category\/viajes\/destinos\/\" target=\"_blank\" class=\" wd-social-icon social-facebook\" aria-label=\"Enlace social en Facebook\">\n\t\t\t\t\t\t<span class=\"wd-icon\"><\/span>\n\t\t\t\t\t\t\t\t\t\t\t<\/a>\n\t\t\t\t\n\t\t\t\t\t\t\t\t\t<a rel=\"noopener noreferrer nofollow\" href=\"https:\/\/x.com\/share?url=https:\/\/carismaviajes.com\/category\/viajes\/destinos\/\" target=\"_blank\" class=\" wd-social-icon social-twitter\" aria-label=\"X enlace social\">\n\t\t\t\t\t\t<span class=\"wd-icon\"><\/span>\n\t\t\t\t\t\t\t\t\t\t\t<\/a>\n\t\t\t\t\n\t\t\t\t\n\t\t\t\t\n\t\t\t\t\n\t\t\t\t\n\t\t\t\t\n\t\t\t\t\t\t\t\t\t<a rel=\"noopener noreferrer nofollow\" href=\"https:\/\/pinterest.com\/pin\/create\/button\/?url=https:\/\/carismaviajes.com\/category\/viajes\/destinos\/&media=https:\/\/carismaviajes.com\/wp-content\/uploads\/2025\/07\/axp-photography-r78vhzLgo_M-unsplash-scaled.jpg&description=Egipto+Express+%26%238211%3B+7+d%C3%ADas+%2F+6+noches\" target=\"_blank\" class=\" wd-social-icon social-pinterest\" aria-label=\"Enlace social Pinterest\">\n\t\t\t\t\t\t<span class=\"wd-icon\"><\/span>\n\t\t\t\t\t\t\t\t\t\t\t<\/a>\n\t\t\t\t\n\t\t\t\t\n\t\t\t\t\t\t\t\t\t<a rel=\"noopener noreferrer nofollow\" href=\"https:\/\/www.linkedin.com\/shareArticle?mini=true&url=https:\/\/carismaviajes.com\/category\/viajes\/destinos\/\" target=\"_blank\" class=\" wd-social-icon social-linkedin\" aria-label=\"Enlace social Linkedin\">\n\t\t\t\t\t\t<span class=\"wd-icon\"><\/span>\n\t\t\t\t\t\t\t\t\t\t\t<\/a>\n\t\t\t\t\n\t\t\t\t\n\t\t\t\t\n\t\t\t\t\n\t\t\t\t\n\t\t\t\t\n\t\t\t\t\n\t\t\t\t\n\t\t\t\t\n\t\t\t\t\n\t\t\t\t\n\t\t\t\t\n\t\t\t\t\n\t\t\t\t\n\t\t\t\t\n\t\t\t\t\t\t\t\t\t<a rel=\"noopener noreferrer nofollow\" href=\"https:\/\/telegram.me\/share\/url?url=https:\/\/carismaviajes.com\/category\/viajes\/destinos\/\" target=\"_blank\" class=\" wd-social-icon social-tg\" aria-label=\"Enlace social de Telegram\">\n\t\t\t\t\t\t<span class=\"wd-icon\"><\/span>\n\t\t\t\t\t\t\t\t\t\t\t<\/a>\n\t\t\t\t\n\t\t\t\t\n\t\t\t<\/div>\n\n\t\t\t\t\t\t\t\t\t\t<\/div>\n\t\t\t\t\t\t\t\t<div class=\"tooltip-arrow\"><\/div>\n\t\t\t\t\t\t\t<\/div>\n\t\t\t\t\t\t<\/div>\n\t\t\t\t\t\n\t\t\t\t\t\t\t\t\t<\/div>\n\t\t\t\n\t\t\t\t\t\t\t\n\t\t\t\t\t\t\t\t\t\t\t\t\t\t<div class=\"wd-post-read-more wd-style-link read-more-section\">\n\t\t\t\t\t\t<a class=\"\" href=\"https:\/\/carismaviajes.com\/egipto-express-7-dias-6-noches\/\">Seguir leyendo<\/a>\t\t\t\t\t<\/div>\n\t\t\t\t\t\t\t\t\t\t\t\t\t<\/div>\n\t<\/div>\n<\/article>\n\n\t\t\t\t\t\t\t\t\t\t\t\n<article id=\"post-16520\" class=\"wd-post blog-design-masonry blog-post-loop blog-style-bg wd-add-shadow wd-col post-16520 post type-post status-publish format-standard has-post-thumbnail hentry category-aventuras category-culturales category-familias category-medio-oriente category-viajes\">\n\t<div class=\"wd-post-inner article-inner\">\n\t\t\t\t\t<div class=\"wd-post-thumb entry-header\">\n\t\t\t\t\t\t\t\t\t<div class=\"wd-post-img post-img-wrapp\">\n\t\t\t\t\t\t<img width=\"1216\" height=\"800\" src=\"https:\/\/carismaviajes.com\/wp-content\/uploads\/2025\/07\/axp-photography-gAy6OMQx8wE-unsplash-1216x800.jpg\" class=\"attachment-large size-large\" alt=\"\" decoding=\"async\" srcset=\"https:\/\/carismaviajes.com\/wp-content\/uploads\/2025\/07\/axp-photography-gAy6OMQx8wE-unsplash-1216x800.jpg 1216w, https:\/\/carismaviajes.com\/wp-content\/uploads\/2025\/07\/axp-photography-gAy6OMQx8wE-unsplash-400x263.jpg 400w, https:\/\/carismaviajes.com\/wp-content\/uploads\/2025\/07\/axp-photography-gAy6OMQx8wE-unsplash-768x505.jpg 768w, https:\/\/carismaviajes.com\/wp-content\/uploads\/2025\/07\/axp-photography-gAy6OMQx8wE-unsplash-1536x1010.jpg 1536w, https:\/\/carismaviajes.com\/wp-content\/uploads\/2025\/07\/axp-photography-gAy6OMQx8wE-unsplash-2048x1347.jpg 2048w, https:\/\/carismaviajes.com\/wp-content\/uploads\/2025\/07\/axp-photography-gAy6OMQx8wE-unsplash-430x283.jpg 430w, https:\/\/carismaviajes.com\/wp-content\/uploads\/2025\/07\/axp-photography-gAy6OMQx8wE-unsplash-700x460.jpg 700w, https:\/\/carismaviajes.com\/wp-content\/uploads\/2025\/07\/axp-photography-gAy6OMQx8wE-unsplash-150x99.jpg 150w\" sizes=\"(max-width: 1216px) 100vw, 1216px\" \/>\t\t\t\t\t<\/div>\n\t\t\t\t\t<a class=\"wd-fill\" href=\"https:\/\/carismaviajes.com\/egipto-antiguo-8-dias-7-noches\/\"><\/a>\n\t\t\t\t\n\t\t\t\t\t\t\t<\/div>\n\t\t\n\t\t<div class=\"wd-post-content article-body-container\">\n\t\t\t\t\t\t\t<div class=\"wd-post-cat wd-style-with-bg meta-post-categories\">\n\t\t\t\t\t<a href=\"https:\/\/carismaviajes.com\/category\/viajes\/tipos-de-viaje\/aventuras\/\" rel=\"category tag\">Aventuras<\/a>, <a href=\"https:\/\/carismaviajes.com\/category\/viajes\/tipos-de-viaje\/culturales\/\" rel=\"category tag\">Culturales<\/a>, <a href=\"https:\/\/carismaviajes.com\/category\/viajes\/tipos-de-viaje\/familias\/\" rel=\"category tag\">Familias<\/a>, <a href=\"https:\/\/carismaviajes.com\/category\/viajes\/destinos\/medio-oriente\/\" rel=\"category tag\">Medio Oriente<\/a>, <a href=\"https:\/\/carismaviajes.com\/category\/viajes\/\" rel=\"category tag\">Viajes<\/a>\t\t\t\t<\/div>\n\t\t\t\n\t\t\t\t\t\t\t<h3 class=\"wd-post-title wd-entities-title title post-title\">\n\t\t\t\t\t<a href=\"https:\/\/carismaviajes.com\/egipto-antiguo-8-dias-7-noches\/\" rel=\"bookmark\">Egipto Antiguo &#8211; 8 d\u00edas \/ 7 noches<\/a>\n\t\t\t\t<\/h3>\n\t\t\t\n\t\t\t\t\t\t\t<div class=\"wd-post-meta\">\n\t\t\t\t\t\t\t\t\t\t\t\t\t\t\t<div class=\"wd-post-author\">\n\t\t\t\t\t\t\t\t\t\t\t<span>Publicado por<\/span>\n\t\t\n\t\t\t\t\t<img alt='author-avatar' src='https:\/\/secure.gravatar.com\/avatar\/6003ac04b04ed03accf6e15b86046cb4666a0d4aaac6a2f952bc3699ba77a540?s=18&#038;d=mm&#038;r=g' srcset='https:\/\/secure.gravatar.com\/avatar\/6003ac04b04ed03accf6e15b86046cb4666a0d4aaac6a2f952bc3699ba77a540?s=36&#038;d=mm&#038;r=g 2x' class='avatar avatar-18 photo' height='18' width='18' decoding='async'\/>\t\t\n\t\t\t\t\t<a href=\"https:\/\/carismaviajes.com\/author\/tamara\/\" class=\"author\" rel=\"author\">Tamara<\/a>\n\t\t\t\t\t\t\t\t\t<\/div>\n\t\t\t\t\t<div class=\"wd-modified-date\">\n\t\t\t\t\t\t\t\t<time class=\"updated\" datetime=\"2025-07-14T13:04:32+02:00\">\n\t\t\t14 de julio de 2025\t\t<\/time>\n\t\t\t\t\t\t\t<\/div>\n\n\t\t\t\t\t\t\t\t\t\t\t<div class=\"wd-post-share wd-tltp\">\n\t\t\t\t\t\t\t<div class=\"tooltip top\">\n\t\t\t\t\t\t\t\t<div class=\"tooltip-inner\">\n\t\t\t\t\t\t\t\t\t\t\t\t<div\n\t\t\t\t\t\tclass=\" wd-social-icons wd-style-default wd-size-small social-share wd-shape-circle color-scheme-light text-center\">\n\t\t\t\t\n\t\t\t\t\n\t\t\t\t\t\t\t\t\t<a rel=\"noopener noreferrer nofollow\" href=\"https:\/\/www.facebook.com\/sharer\/sharer.php?u=https:\/\/carismaviajes.com\/category\/viajes\/destinos\/\" target=\"_blank\" class=\" wd-social-icon social-facebook\" aria-label=\"Enlace social en Facebook\">\n\t\t\t\t\t\t<span class=\"wd-icon\"><\/span>\n\t\t\t\t\t\t\t\t\t\t\t<\/a>\n\t\t\t\t\n\t\t\t\t\t\t\t\t\t<a rel=\"noopener noreferrer nofollow\" href=\"https:\/\/x.com\/share?url=https:\/\/carismaviajes.com\/category\/viajes\/destinos\/\" target=\"_blank\" class=\" wd-social-icon social-twitter\" aria-label=\"X enlace social\">\n\t\t\t\t\t\t<span class=\"wd-icon\"><\/span>\n\t\t\t\t\t\t\t\t\t\t\t<\/a>\n\t\t\t\t\n\t\t\t\t\n\t\t\t\t\n\t\t\t\t\n\t\t\t\t\n\t\t\t\t\n\t\t\t\t\t\t\t\t\t<a rel=\"noopener noreferrer nofollow\" href=\"https:\/\/pinterest.com\/pin\/create\/button\/?url=https:\/\/carismaviajes.com\/category\/viajes\/destinos\/&media=https:\/\/carismaviajes.com\/wp-content\/uploads\/2025\/07\/axp-photography-gAy6OMQx8wE-unsplash-scaled.jpg&description=Egipto+Antiguo+%26%238211%3B+8+d%C3%ADas+%2F+7+noches\" target=\"_blank\" class=\" wd-social-icon social-pinterest\" aria-label=\"Enlace social Pinterest\">\n\t\t\t\t\t\t<span class=\"wd-icon\"><\/span>\n\t\t\t\t\t\t\t\t\t\t\t<\/a>\n\t\t\t\t\n\t\t\t\t\n\t\t\t\t\t\t\t\t\t<a rel=\"noopener noreferrer nofollow\" href=\"https:\/\/www.linkedin.com\/shareArticle?mini=true&url=https:\/\/carismaviajes.com\/category\/viajes\/destinos\/\" target=\"_blank\" class=\" wd-social-icon social-linkedin\" aria-label=\"Enlace social Linkedin\">\n\t\t\t\t\t\t<span class=\"wd-icon\"><\/span>\n\t\t\t\t\t\t\t\t\t\t\t<\/a>\n\t\t\t\t\n\t\t\t\t\n\t\t\t\t\n\t\t\t\t\n\t\t\t\t\n\t\t\t\t\n\t\t\t\t\n\t\t\t\t\n\t\t\t\t\n\t\t\t\t\n\t\t\t\t\n\t\t\t\t\n\t\t\t\t\n\t\t\t\t\n\t\t\t\t\n\t\t\t\t\t\t\t\t\t<a rel=\"noopener noreferrer nofollow\" href=\"https:\/\/telegram.me\/share\/url?url=https:\/\/carismaviajes.com\/category\/viajes\/destinos\/\" target=\"_blank\" class=\" wd-social-icon social-tg\" aria-label=\"Enlace social de Telegram\">\n\t\t\t\t\t\t<span class=\"wd-icon\"><\/span>\n\t\t\t\t\t\t\t\t\t\t\t<\/a>\n\t\t\t\t\n\t\t\t\t\n\t\t\t<\/div>\n\n\t\t\t\t\t\t\t\t\t\t<\/div>\n\t\t\t\t\t\t\t\t<div class=\"tooltip-arrow\"><\/div>\n\t\t\t\t\t\t\t<\/div>\n\t\t\t\t\t\t<\/div>\n\t\t\t\t\t\n\t\t\t\t\t\t\t\t\t<\/div>\n\t\t\t\n\t\t\t\t\t\t\t\n\t\t\t\t\t\t\t\t\t\t\t\t\t\t<div class=\"wd-post-read-more wd-style-link read-more-section\">\n\t\t\t\t\t\t<a class=\"\" href=\"https:\/\/carismaviajes.com\/egipto-antiguo-8-dias-7-noches\/\">Seguir leyendo<\/a>\t\t\t\t\t<\/div>\n\t\t\t\t\t\t\t\t\t\t\t\t\t<\/div>\n\t<\/div>\n<\/article>\n\n\t\t\t\t\t\t\t\t\t\t\t\n<article id=\"post-16513\" class=\"wd-post blog-design-masonry blog-post-loop blog-style-bg wd-add-shadow wd-col post-16513 post type-post status-publish format-standard has-post-thumbnail hentry category-aventuras category-culturales category-familias category-medio-oriente category-viajes\">\n\t<div class=\"wd-post-inner article-inner\">\n\t\t\t\t\t<div class=\"wd-post-thumb entry-header\">\n\t\t\t\t\t\t\t\t\t<div class=\"wd-post-img post-img-wrapp\">\n\t\t\t\t\t\t<img width=\"1067\" height=\"800\" src=\"https:\/\/carismaviajes.com\/wp-content\/uploads\/2025\/07\/mo-gabrail-iuC3w8mLDcs-unsplash-1-1067x800.jpg\" class=\"attachment-large size-large\" alt=\"\" decoding=\"async\" srcset=\"https:\/\/carismaviajes.com\/wp-content\/uploads\/2025\/07\/mo-gabrail-iuC3w8mLDcs-unsplash-1-1067x800.jpg 1067w, https:\/\/carismaviajes.com\/wp-content\/uploads\/2025\/07\/mo-gabrail-iuC3w8mLDcs-unsplash-1-400x300.jpg 400w, https:\/\/carismaviajes.com\/wp-content\/uploads\/2025\/07\/mo-gabrail-iuC3w8mLDcs-unsplash-1-768x576.jpg 768w, https:\/\/carismaviajes.com\/wp-content\/uploads\/2025\/07\/mo-gabrail-iuC3w8mLDcs-unsplash-1-1536x1152.jpg 1536w, https:\/\/carismaviajes.com\/wp-content\/uploads\/2025\/07\/mo-gabrail-iuC3w8mLDcs-unsplash-1-2048x1536.jpg 2048w, https:\/\/carismaviajes.com\/wp-content\/uploads\/2025\/07\/mo-gabrail-iuC3w8mLDcs-unsplash-1-430x323.jpg 430w, https:\/\/carismaviajes.com\/wp-content\/uploads\/2025\/07\/mo-gabrail-iuC3w8mLDcs-unsplash-1-700x525.jpg 700w, https:\/\/carismaviajes.com\/wp-content\/uploads\/2025\/07\/mo-gabrail-iuC3w8mLDcs-unsplash-1-150x113.jpg 150w\" sizes=\"(max-width: 1067px) 100vw, 1067px\" \/>\t\t\t\t\t<\/div>\n\t\t\t\t\t<a class=\"wd-fill\" href=\"https:\/\/carismaviajes.com\/lo-mejor-de-turquia-y-egipto-17-dias-16-noches\/\"><\/a>\n\t\t\t\t\n\t\t\t\t\t\t\t<\/div>\n\t\t\n\t\t<div class=\"wd-post-content article-body-container\">\n\t\t\t\t\t\t\t<div class=\"wd-post-cat wd-style-with-bg meta-post-categories\">\n\t\t\t\t\t<a href=\"https:\/\/carismaviajes.com\/category\/viajes\/tipos-de-viaje\/aventuras\/\" rel=\"category tag\">Aventuras<\/a>, <a href=\"https:\/\/carismaviajes.com\/category\/viajes\/tipos-de-viaje\/culturales\/\" rel=\"category tag\">Culturales<\/a>, <a href=\"https:\/\/carismaviajes.com\/category\/viajes\/tipos-de-viaje\/familias\/\" rel=\"category tag\">Familias<\/a>, <a href=\"https:\/\/carismaviajes.com\/category\/viajes\/destinos\/medio-oriente\/\" rel=\"category tag\">Medio Oriente<\/a>, <a href=\"https:\/\/carismaviajes.com\/category\/viajes\/\" rel=\"category tag\">Viajes<\/a>\t\t\t\t<\/div>\n\t\t\t\n\t\t\t\t\t\t\t<h3 class=\"wd-post-title wd-entities-title title post-title\">\n\t\t\t\t\t<a href=\"https:\/\/carismaviajes.com\/lo-mejor-de-turquia-y-egipto-17-dias-16-noches\/\" rel=\"bookmark\">Lo mejor de Turqu\u00eda y Egipto &#8211; 17 d\u00edas \/ 16 noches<\/a>\n\t\t\t\t<\/h3>\n\t\t\t\n\t\t\t\t\t\t\t<div class=\"wd-post-meta\">\n\t\t\t\t\t\t\t\t\t\t\t\t\t\t\t<div class=\"wd-post-author\">\n\t\t\t\t\t\t\t\t\t\t\t<span>Publicado por<\/span>\n\t\t\n\t\t\t\t\t<img alt='author-avatar' src='https:\/\/secure.gravatar.com\/avatar\/6003ac04b04ed03accf6e15b86046cb4666a0d4aaac6a2f952bc3699ba77a540?s=18&#038;d=mm&#038;r=g' srcset='https:\/\/secure.gravatar.com\/avatar\/6003ac04b04ed03accf6e15b86046cb4666a0d4aaac6a2f952bc3699ba77a540?s=36&#038;d=mm&#038;r=g 2x' class='avatar avatar-18 photo' height='18' width='18' decoding='async'\/>\t\t\n\t\t\t\t\t<a href=\"https:\/\/carismaviajes.com\/author\/tamara\/\" class=\"author\" rel=\"author\">Tamara<\/a>\n\t\t\t\t\t\t\t\t\t<\/div>\n\t\t\t\t\t<div class=\"wd-modified-date\">\n\t\t\t\t\t\t\t\t<time class=\"updated\" datetime=\"2025-07-11T17:47:44+02:00\">\n\t\t\t11 de julio de 2025\t\t<\/time>\n\t\t\t\t\t\t\t<\/div>\n\n\t\t\t\t\t\t\t\t\t\t\t<div class=\"wd-post-share wd-tltp\">\n\t\t\t\t\t\t\t<div class=\"tooltip top\">\n\t\t\t\t\t\t\t\t<div class=\"tooltip-inner\">\n\t\t\t\t\t\t\t\t\t\t\t\t<div\n\t\t\t\t\t\tclass=\" wd-social-icons wd-style-default wd-size-small social-share wd-shape-circle color-scheme-light text-center\">\n\t\t\t\t\n\t\t\t\t\n\t\t\t\t\t\t\t\t\t<a rel=\"noopener noreferrer nofollow\" href=\"https:\/\/www.facebook.com\/sharer\/sharer.php?u=https:\/\/carismaviajes.com\/category\/viajes\/destinos\/\" target=\"_blank\" class=\" wd-social-icon social-facebook\" aria-label=\"Enlace social en Facebook\">\n\t\t\t\t\t\t<span class=\"wd-icon\"><\/span>\n\t\t\t\t\t\t\t\t\t\t\t<\/a>\n\t\t\t\t\n\t\t\t\t\t\t\t\t\t<a rel=\"noopener noreferrer nofollow\" href=\"https:\/\/x.com\/share?url=https:\/\/carismaviajes.com\/category\/viajes\/destinos\/\" target=\"_blank\" class=\" wd-social-icon social-twitter\" aria-label=\"X enlace social\">\n\t\t\t\t\t\t<span class=\"wd-icon\"><\/span>\n\t\t\t\t\t\t\t\t\t\t\t<\/a>\n\t\t\t\t\n\t\t\t\t\n\t\t\t\t\n\t\t\t\t\n\t\t\t\t\n\t\t\t\t\n\t\t\t\t\t\t\t\t\t<a rel=\"noopener noreferrer nofollow\" href=\"https:\/\/pinterest.com\/pin\/create\/button\/?url=https:\/\/carismaviajes.com\/category\/viajes\/destinos\/&media=https:\/\/carismaviajes.com\/wp-content\/uploads\/2025\/07\/mo-gabrail-iuC3w8mLDcs-unsplash-1-scaled.jpg&description=Lo+mejor+de+Turqu%C3%ADa+y+Egipto+%26%238211%3B+17+d%C3%ADas+%2F+16+noches\" target=\"_blank\" class=\" wd-social-icon social-pinterest\" aria-label=\"Enlace social Pinterest\">\n\t\t\t\t\t\t<span class=\"wd-icon\"><\/span>\n\t\t\t\t\t\t\t\t\t\t\t<\/a>\n\t\t\t\t\n\t\t\t\t\n\t\t\t\t\t\t\t\t\t<a rel=\"noopener noreferrer nofollow\" href=\"https:\/\/www.linkedin.com\/shareArticle?mini=true&url=https:\/\/carismaviajes.com\/category\/viajes\/destinos\/\" target=\"_blank\" class=\" wd-social-icon social-linkedin\" aria-label=\"Enlace social Linkedin\">\n\t\t\t\t\t\t<span class=\"wd-icon\"><\/span>\n\t\t\t\t\t\t\t\t\t\t\t<\/a>\n\t\t\t\t\n\t\t\t\t\n\t\t\t\t\n\t\t\t\t\n\t\t\t\t\n\t\t\t\t\n\t\t\t\t\n\t\t\t\t\n\t\t\t\t\n\t\t\t\t\n\t\t\t\t\n\t\t\t\t\n\t\t\t\t\n\t\t\t\t\n\t\t\t\t\n\t\t\t\t\t\t\t\t\t<a rel=\"noopener noreferrer nofollow\" href=\"https:\/\/telegram.me\/share\/url?url=https:\/\/carismaviajes.com\/category\/viajes\/destinos\/\" target=\"_blank\" class=\" wd-social-icon social-tg\" aria-label=\"Enlace social de Telegram\">\n\t\t\t\t\t\t<span class=\"wd-icon\"><\/span>\n\t\t\t\t\t\t\t\t\t\t\t<\/a>\n\t\t\t\t\n\t\t\t\t\n\t\t\t<\/div>\n\n\t\t\t\t\t\t\t\t\t\t<\/div>\n\t\t\t\t\t\t\t\t<div class=\"tooltip-arrow\"><\/div>\n\t\t\t\t\t\t\t<\/div>\n\t\t\t\t\t\t<\/div>\n\t\t\t\t\t\n\t\t\t\t\t\t\t\t\t<\/div>\n\t\t\t\n\t\t\t\t\t\t\t\n\t\t\t\t\t\t\t\t\t\t\t\t\t\t<div class=\"wd-post-read-more wd-style-link read-more-section\">\n\t\t\t\t\t\t<a class=\"\" href=\"https:\/\/carismaviajes.com\/lo-mejor-de-turquia-y-egipto-17-dias-16-noches\/\">Seguir leyendo<\/a>\t\t\t\t\t<\/div>\n\t\t\t\t\t\t\t\t\t\t\t\t\t<\/div>\n\t<\/div>\n<\/article>\n\n\t\t\t\t\t\t\t\t\t\t\t\n<article id=\"post-16510\" class=\"wd-post blog-design-masonry blog-post-loop blog-style-bg wd-add-shadow wd-col post-16510 post type-post status-publish format-standard has-post-thumbnail hentry category-culturales category-europa category-familias category-viajes\">\n\t<div class=\"wd-post-inner article-inner\">\n\t\t\t\t\t<div class=\"wd-post-thumb entry-header\">\n\t\t\t\t\t\t\t\t\t<div class=\"wd-post-img post-img-wrapp\">\n\t\t\t\t\t\t<img width=\"1200\" height=\"800\" src=\"https:\/\/carismaviajes.com\/wp-content\/uploads\/2025\/07\/gabriella-clare-marino-TLYzsNu8md0-unsplash-1-1200x800.jpg\" class=\"attachment-large size-large\" alt=\"\" decoding=\"async\" srcset=\"https:\/\/carismaviajes.com\/wp-content\/uploads\/2025\/07\/gabriella-clare-marino-TLYzsNu8md0-unsplash-1-1200x800.jpg 1200w, https:\/\/carismaviajes.com\/wp-content\/uploads\/2025\/07\/gabriella-clare-marino-TLYzsNu8md0-unsplash-1-400x267.jpg 400w, https:\/\/carismaviajes.com\/wp-content\/uploads\/2025\/07\/gabriella-clare-marino-TLYzsNu8md0-unsplash-1-768x512.jpg 768w, https:\/\/carismaviajes.com\/wp-content\/uploads\/2025\/07\/gabriella-clare-marino-TLYzsNu8md0-unsplash-1-1536x1024.jpg 1536w, https:\/\/carismaviajes.com\/wp-content\/uploads\/2025\/07\/gabriella-clare-marino-TLYzsNu8md0-unsplash-1-2048x1365.jpg 2048w, https:\/\/carismaviajes.com\/wp-content\/uploads\/2025\/07\/gabriella-clare-marino-TLYzsNu8md0-unsplash-1-430x287.jpg 430w, https:\/\/carismaviajes.com\/wp-content\/uploads\/2025\/07\/gabriella-clare-marino-TLYzsNu8md0-unsplash-1-700x467.jpg 700w, https:\/\/carismaviajes.com\/wp-content\/uploads\/2025\/07\/gabriella-clare-marino-TLYzsNu8md0-unsplash-1-150x100.jpg 150w\" sizes=\"(max-width: 1200px) 100vw, 1200px\" \/>\t\t\t\t\t<\/div>\n\t\t\t\t\t<a class=\"wd-fill\" href=\"https:\/\/carismaviajes.com\/encantos-del-norte-y-sur-de-italia-milan-napoles-15-dias-14-noches\/\"><\/a>\n\t\t\t\t\n\t\t\t\t\t\t\t<\/div>\n\t\t\n\t\t<div class=\"wd-post-content article-body-container\">\n\t\t\t\t\t\t\t<div class=\"wd-post-cat wd-style-with-bg meta-post-categories\">\n\t\t\t\t\t<a href=\"https:\/\/carismaviajes.com\/category\/viajes\/tipos-de-viaje\/culturales\/\" rel=\"category tag\">Culturales<\/a>, <a href=\"https:\/\/carismaviajes.com\/category\/viajes\/destinos\/europa\/\" rel=\"category tag\">Europa<\/a>, <a href=\"https:\/\/carismaviajes.com\/category\/viajes\/tipos-de-viaje\/familias\/\" rel=\"category tag\">Familias<\/a>, <a href=\"https:\/\/carismaviajes.com\/category\/viajes\/\" rel=\"category tag\">Viajes<\/a>\t\t\t\t<\/div>\n\t\t\t\n\t\t\t\t\t\t\t<h3 class=\"wd-post-title wd-entities-title title post-title\">\n\t\t\t\t\t<a href=\"https:\/\/carismaviajes.com\/encantos-del-norte-y-sur-de-italia-milan-napoles-15-dias-14-noches\/\" rel=\"bookmark\">Encantos del Norte y Sur de Italia (Mil\u00e1n &#8211; N\u00e1poles) &#8211; 15 d\u00edas \/ 14 noches<\/a>\n\t\t\t\t<\/h3>\n\t\t\t\n\t\t\t\t\t\t\t<div class=\"wd-post-meta\">\n\t\t\t\t\t\t\t\t\t\t\t\t\t\t\t<div class=\"wd-post-author\">\n\t\t\t\t\t\t\t\t\t\t\t<span>Publicado por<\/span>\n\t\t\n\t\t\t\t\t<img alt='author-avatar' src='https:\/\/secure.gravatar.com\/avatar\/6003ac04b04ed03accf6e15b86046cb4666a0d4aaac6a2f952bc3699ba77a540?s=18&#038;d=mm&#038;r=g' srcset='https:\/\/secure.gravatar.com\/avatar\/6003ac04b04ed03accf6e15b86046cb4666a0d4aaac6a2f952bc3699ba77a540?s=36&#038;d=mm&#038;r=g 2x' class='avatar avatar-18 photo' height='18' width='18' decoding='async'\/>\t\t\n\t\t\t\t\t<a href=\"https:\/\/carismaviajes.com\/author\/tamara\/\" class=\"author\" rel=\"author\">Tamara<\/a>\n\t\t\t\t\t\t\t\t\t<\/div>\n\t\t\t\t\t<div class=\"wd-modified-date\">\n\t\t\t\t\t\t\t\t<time class=\"updated\" datetime=\"2025-07-11T17:33:47+02:00\">\n\t\t\t11 de julio de 2025\t\t<\/time>\n\t\t\t\t\t\t\t<\/div>\n\n\t\t\t\t\t\t\t\t\t\t\t<div class=\"wd-post-share wd-tltp\">\n\t\t\t\t\t\t\t<div class=\"tooltip top\">\n\t\t\t\t\t\t\t\t<div class=\"tooltip-inner\">\n\t\t\t\t\t\t\t\t\t\t\t\t<div\n\t\t\t\t\t\tclass=\" wd-social-icons wd-style-default wd-size-small social-share wd-shape-circle color-scheme-light text-center\">\n\t\t\t\t\n\t\t\t\t\n\t\t\t\t\t\t\t\t\t<a rel=\"noopener noreferrer nofollow\" href=\"https:\/\/www.facebook.com\/sharer\/sharer.php?u=https:\/\/carismaviajes.com\/category\/viajes\/destinos\/\" target=\"_blank\" class=\" wd-social-icon social-facebook\" aria-label=\"Enlace social en Facebook\">\n\t\t\t\t\t\t<span class=\"wd-icon\"><\/span>\n\t\t\t\t\t\t\t\t\t\t\t<\/a>\n\t\t\t\t\n\t\t\t\t\t\t\t\t\t<a rel=\"noopener noreferrer nofollow\" href=\"https:\/\/x.com\/share?url=https:\/\/carismaviajes.com\/category\/viajes\/destinos\/\" target=\"_blank\" class=\" wd-social-icon social-twitter\" aria-label=\"X enlace social\">\n\t\t\t\t\t\t<span class=\"wd-icon\"><\/span>\n\t\t\t\t\t\t\t\t\t\t\t<\/a>\n\t\t\t\t\n\t\t\t\t\n\t\t\t\t\n\t\t\t\t\n\t\t\t\t\n\t\t\t\t\n\t\t\t\t\t\t\t\t\t<a rel=\"noopener noreferrer nofollow\" href=\"https:\/\/pinterest.com\/pin\/create\/button\/?url=https:\/\/carismaviajes.com\/category\/viajes\/destinos\/&media=https:\/\/carismaviajes.com\/wp-content\/uploads\/2025\/07\/gabriella-clare-marino-TLYzsNu8md0-unsplash-1-scaled.jpg&description=Encantos+del+Norte+y+Sur+de+Italia+%28Mil%C3%A1n+%26%238211%3B+N%C3%A1poles%29+%26%238211%3B+15+d%C3%ADas+%2F+14+noches\" target=\"_blank\" class=\" wd-social-icon social-pinterest\" aria-label=\"Enlace social Pinterest\">\n\t\t\t\t\t\t<span class=\"wd-icon\"><\/span>\n\t\t\t\t\t\t\t\t\t\t\t<\/a>\n\t\t\t\t\n\t\t\t\t\n\t\t\t\t\t\t\t\t\t<a rel=\"noopener noreferrer nofollow\" href=\"https:\/\/www.linkedin.com\/shareArticle?mini=true&url=https:\/\/carismaviajes.com\/category\/viajes\/destinos\/\" target=\"_blank\" class=\" wd-social-icon social-linkedin\" aria-label=\"Enlace social Linkedin\">\n\t\t\t\t\t\t<span class=\"wd-icon\"><\/span>\n\t\t\t\t\t\t\t\t\t\t\t<\/a>\n\t\t\t\t\n\t\t\t\t\n\t\t\t\t\n\t\t\t\t\n\t\t\t\t\n\t\t\t\t\n\t\t\t\t\n\t\t\t\t\n\t\t\t\t\n\t\t\t\t\n\t\t\t\t\n\t\t\t\t\n\t\t\t\t\n\t\t\t\t\n\t\t\t\t\n\t\t\t\t\t\t\t\t\t<a rel=\"noopener noreferrer nofollow\" href=\"https:\/\/telegram.me\/share\/url?url=https:\/\/carismaviajes.com\/category\/viajes\/destinos\/\" target=\"_blank\" class=\" wd-social-icon social-tg\" aria-label=\"Enlace social de Telegram\">\n\t\t\t\t\t\t<span class=\"wd-icon\"><\/span>\n\t\t\t\t\t\t\t\t\t\t\t<\/a>\n\t\t\t\t\n\t\t\t\t\n\t\t\t<\/div>\n\n\t\t\t\t\t\t\t\t\t\t<\/div>\n\t\t\t\t\t\t\t\t<div class=\"tooltip-arrow\"><\/div>\n\t\t\t\t\t\t\t<\/div>\n\t\t\t\t\t\t<\/div>\n\t\t\t\t\t\n\t\t\t\t\t\t\t\t\t<\/div>\n\t\t\t\n\t\t\t\t\t\t\t\n\t\t\t\t\t\t\t\t\t\t\t\t\t\t<div class=\"wd-post-read-more wd-style-link read-more-section\">\n\t\t\t\t\t\t<a class=\"\" href=\"https:\/\/carismaviajes.com\/encantos-del-norte-y-sur-de-italia-milan-napoles-15-dias-14-noches\/\">Seguir leyendo<\/a>\t\t\t\t\t<\/div>\n\t\t\t\t\t\t\t\t\t\t\t\t\t<\/div>\n\t<\/div>\n<\/article>\n\n\t\t\t\t\t\t\t\t\t\t\t\n<article id=\"post-16506\" class=\"wd-post blog-design-masonry blog-post-loop blog-style-bg wd-add-shadow wd-col post-16506 post type-post status-publish format-standard has-post-thumbnail hentry category-aventuras category-culturales category-europa category-familias category-viajes tag-europa tag-italia tag-roma tag-viajes\">\n\t<div class=\"wd-post-inner article-inner\">\n\t\t\t\t\t<div class=\"wd-post-thumb entry-header\">\n\t\t\t\t\t\t\t\t\t<div class=\"wd-post-img post-img-wrapp\">\n\t\t\t\t\t\t<img width=\"1066\" height=\"800\" src=\"https:\/\/carismaviajes.com\/wp-content\/uploads\/2025\/07\/kristine-zale-EZT6qusWOBQ-unsplash-1066x800.jpg\" class=\"attachment-large size-large\" alt=\"\" decoding=\"async\" srcset=\"https:\/\/carismaviajes.com\/wp-content\/uploads\/2025\/07\/kristine-zale-EZT6qusWOBQ-unsplash-1066x800.jpg 1066w, https:\/\/carismaviajes.com\/wp-content\/uploads\/2025\/07\/kristine-zale-EZT6qusWOBQ-unsplash-400x300.jpg 400w, https:\/\/carismaviajes.com\/wp-content\/uploads\/2025\/07\/kristine-zale-EZT6qusWOBQ-unsplash-768x576.jpg 768w, https:\/\/carismaviajes.com\/wp-content\/uploads\/2025\/07\/kristine-zale-EZT6qusWOBQ-unsplash-1536x1152.jpg 1536w, https:\/\/carismaviajes.com\/wp-content\/uploads\/2025\/07\/kristine-zale-EZT6qusWOBQ-unsplash-2048x1536.jpg 2048w, https:\/\/carismaviajes.com\/wp-content\/uploads\/2025\/07\/kristine-zale-EZT6qusWOBQ-unsplash-430x323.jpg 430w, https:\/\/carismaviajes.com\/wp-content\/uploads\/2025\/07\/kristine-zale-EZT6qusWOBQ-unsplash-700x525.jpg 700w, https:\/\/carismaviajes.com\/wp-content\/uploads\/2025\/07\/kristine-zale-EZT6qusWOBQ-unsplash-150x113.jpg 150w\" sizes=\"(max-width: 1066px) 100vw, 1066px\" \/>\t\t\t\t\t<\/div>\n\t\t\t\t\t<a class=\"wd-fill\" href=\"https:\/\/carismaviajes.com\/sur-de-italia-con-costa-amalfitana-6-dias-5-noches\/\"><\/a>\n\t\t\t\t\n\t\t\t\t\t\t\t<\/div>\n\t\t\n\t\t<div class=\"wd-post-content article-body-container\">\n\t\t\t\t\t\t\t<div class=\"wd-post-cat wd-style-with-bg meta-post-categories\">\n\t\t\t\t\t<a href=\"https:\/\/carismaviajes.com\/category\/viajes\/tipos-de-viaje\/aventuras\/\" rel=\"category tag\">Aventuras<\/a>, <a href=\"https:\/\/carismaviajes.com\/category\/viajes\/tipos-de-viaje\/culturales\/\" rel=\"category tag\">Culturales<\/a>, <a href=\"https:\/\/carismaviajes.com\/category\/viajes\/destinos\/europa\/\" rel=\"category tag\">Europa<\/a>, <a href=\"https:\/\/carismaviajes.com\/category\/viajes\/tipos-de-viaje\/familias\/\" rel=\"category tag\">Familias<\/a>, <a href=\"https:\/\/carismaviajes.com\/category\/viajes\/\" rel=\"category tag\">Viajes<\/a>\t\t\t\t<\/div>\n\t\t\t\n\t\t\t\t\t\t\t<h3 class=\"wd-post-title wd-entities-title title post-title\">\n\t\t\t\t\t<a href=\"https:\/\/carismaviajes.com\/sur-de-italia-con-costa-amalfitana-6-dias-5-noches\/\" rel=\"bookmark\">Sur de Italia con Costa Amalfitana &#8211; 6 d\u00edas \/ 5 noches<\/a>\n\t\t\t\t<\/h3>\n\t\t\t\n\t\t\t\t\t\t\t<div class=\"wd-post-meta\">\n\t\t\t\t\t\t\t\t\t\t\t\t\t\t\t<div class=\"wd-post-author\">\n\t\t\t\t\t\t\t\t\t\t\t<span>Publicado por<\/span>\n\t\t\n\t\t\t\t\t<img alt='author-avatar' src='https:\/\/secure.gravatar.com\/avatar\/6003ac04b04ed03accf6e15b86046cb4666a0d4aaac6a2f952bc3699ba77a540?s=18&#038;d=mm&#038;r=g' srcset='https:\/\/secure.gravatar.com\/avatar\/6003ac04b04ed03accf6e15b86046cb4666a0d4aaac6a2f952bc3699ba77a540?s=36&#038;d=mm&#038;r=g 2x' class='avatar avatar-18 photo' height='18' width='18' decoding='async'\/>\t\t\n\t\t\t\t\t<a href=\"https:\/\/carismaviajes.com\/author\/tamara\/\" class=\"author\" rel=\"author\">Tamara<\/a>\n\t\t\t\t\t\t\t\t\t<\/div>\n\t\t\t\t\t<div class=\"wd-modified-date\">\n\t\t\t\t\t\t\t\t<time class=\"updated\" datetime=\"2025-07-11T17:18:15+02:00\">\n\t\t\t11 de julio de 2025\t\t<\/time>\n\t\t\t\t\t\t\t<\/div>\n\n\t\t\t\t\t\t\t\t\t\t\t<div class=\"wd-post-share wd-tltp\">\n\t\t\t\t\t\t\t<div class=\"tooltip top\">\n\t\t\t\t\t\t\t\t<div class=\"tooltip-inner\">\n\t\t\t\t\t\t\t\t\t\t\t\t<div\n\t\t\t\t\t\tclass=\" wd-social-icons wd-style-default wd-size-small social-share wd-shape-circle color-scheme-light text-center\">\n\t\t\t\t\n\t\t\t\t\n\t\t\t\t\t\t\t\t\t<a rel=\"noopener noreferrer nofollow\" href=\"https:\/\/www.facebook.com\/sharer\/sharer.php?u=https:\/\/carismaviajes.com\/category\/viajes\/destinos\/\" target=\"_blank\" class=\" wd-social-icon social-facebook\" aria-label=\"Enlace social en Facebook\">\n\t\t\t\t\t\t<span class=\"wd-icon\"><\/span>\n\t\t\t\t\t\t\t\t\t\t\t<\/a>\n\t\t\t\t\n\t\t\t\t\t\t\t\t\t<a rel=\"noopener noreferrer nofollow\" href=\"https:\/\/x.com\/share?url=https:\/\/carismaviajes.com\/category\/viajes\/destinos\/\" target=\"_blank\" class=\" wd-social-icon social-twitter\" aria-label=\"X enlace social\">\n\t\t\t\t\t\t<span class=\"wd-icon\"><\/span>\n\t\t\t\t\t\t\t\t\t\t\t<\/a>\n\t\t\t\t\n\t\t\t\t\n\t\t\t\t\n\t\t\t\t\n\t\t\t\t\n\t\t\t\t\n\t\t\t\t\t\t\t\t\t<a rel=\"noopener noreferrer nofollow\" href=\"https:\/\/pinterest.com\/pin\/create\/button\/?url=https:\/\/carismaviajes.com\/category\/viajes\/destinos\/&media=https:\/\/carismaviajes.com\/wp-content\/uploads\/2025\/07\/kristine-zale-EZT6qusWOBQ-unsplash-scaled.jpg&description=Sur+de+Italia+con+Costa+Amalfitana+%26%238211%3B+6+d%C3%ADas+%2F+5+noches\" target=\"_blank\" class=\" wd-social-icon social-pinterest\" aria-label=\"Enlace social Pinterest\">\n\t\t\t\t\t\t<span class=\"wd-icon\"><\/span>\n\t\t\t\t\t\t\t\t\t\t\t<\/a>\n\t\t\t\t\n\t\t\t\t\n\t\t\t\t\t\t\t\t\t<a rel=\"noopener noreferrer nofollow\" href=\"https:\/\/www.linkedin.com\/shareArticle?mini=true&url=https:\/\/carismaviajes.com\/category\/viajes\/destinos\/\" target=\"_blank\" class=\" wd-social-icon social-linkedin\" aria-label=\"Enlace social Linkedin\">\n\t\t\t\t\t\t<span class=\"wd-icon\"><\/span>\n\t\t\t\t\t\t\t\t\t\t\t<\/a>\n\t\t\t\t\n\t\t\t\t\n\t\t\t\t\n\t\t\t\t\n\t\t\t\t\n\t\t\t\t\n\t\t\t\t\n\t\t\t\t\n\t\t\t\t\n\t\t\t\t\n\t\t\t\t\n\t\t\t\t\n\t\t\t\t\n\t\t\t\t\n\t\t\t\t\n\t\t\t\t\t\t\t\t\t<a rel=\"noopener noreferrer nofollow\" href=\"https:\/\/telegram.me\/share\/url?url=https:\/\/carismaviajes.com\/category\/viajes\/destinos\/\" target=\"_blank\" class=\" wd-social-icon social-tg\" aria-label=\"Enlace social de Telegram\">\n\t\t\t\t\t\t<span class=\"wd-icon\"><\/span>\n\t\t\t\t\t\t\t\t\t\t\t<\/a>\n\t\t\t\t\n\t\t\t\t\n\t\t\t<\/div>\n\n\t\t\t\t\t\t\t\t\t\t<\/div>\n\t\t\t\t\t\t\t\t<div class=\"tooltip-arrow\"><\/div>\n\t\t\t\t\t\t\t<\/div>\n\t\t\t\t\t\t<\/div>\n\t\t\t\t\t\n\t\t\t\t\t\t\t\t\t<\/div>\n\t\t\t\n\t\t\t\t\t\t\t\n\t\t\t\t\t\t\t\t\t\t\t\t\t\t<div class=\"wd-post-read-more wd-style-link read-more-section\">\n\t\t\t\t\t\t<a class=\"\" href=\"https:\/\/carismaviajes.com\/sur-de-italia-con-costa-amalfitana-6-dias-5-noches\/\">Seguir leyendo<\/a>\t\t\t\t\t<\/div>\n\t\t\t\t\t\t\t\t\t\t\t\t\t<\/div>\n\t<\/div>\n<\/article>\n\n\t\t\t\t\t\t\t\t\t\t\t\n<article id=\"post-16492\" class=\"wd-post blog-design-masonry blog-post-loop blog-style-bg wd-add-shadow wd-col post-16492 post type-post status-publish format-standard has-post-thumbnail hentry category-culturales category-europa category-familias category-viajes\">\n\t<div class=\"wd-post-inner article-inner\">\n\t\t\t\t\t<div class=\"wd-post-thumb entry-header\">\n\t\t\t\t\t\t\t\t\t<div class=\"wd-post-img post-img-wrapp\">\n\t\t\t\t\t\t<img width=\"1300\" height=\"731\" src=\"https:\/\/carismaviajes.com\/wp-content\/uploads\/2025\/07\/alessandro-rossi-JU_Bgza3ZHE-unsplash-1-1300x731.jpg\" class=\"attachment-large size-large\" alt=\"\" decoding=\"async\" srcset=\"https:\/\/carismaviajes.com\/wp-content\/uploads\/2025\/07\/alessandro-rossi-JU_Bgza3ZHE-unsplash-1-1300x731.jpg 1300w, https:\/\/carismaviajes.com\/wp-content\/uploads\/2025\/07\/alessandro-rossi-JU_Bgza3ZHE-unsplash-1-400x225.jpg 400w, https:\/\/carismaviajes.com\/wp-content\/uploads\/2025\/07\/alessandro-rossi-JU_Bgza3ZHE-unsplash-1-768x432.jpg 768w, https:\/\/carismaviajes.com\/wp-content\/uploads\/2025\/07\/alessandro-rossi-JU_Bgza3ZHE-unsplash-1-1536x864.jpg 1536w, https:\/\/carismaviajes.com\/wp-content\/uploads\/2025\/07\/alessandro-rossi-JU_Bgza3ZHE-unsplash-1-2048x1152.jpg 2048w, https:\/\/carismaviajes.com\/wp-content\/uploads\/2025\/07\/alessandro-rossi-JU_Bgza3ZHE-unsplash-1-430x242.jpg 430w, https:\/\/carismaviajes.com\/wp-content\/uploads\/2025\/07\/alessandro-rossi-JU_Bgza3ZHE-unsplash-1-700x394.jpg 700w, https:\/\/carismaviajes.com\/wp-content\/uploads\/2025\/07\/alessandro-rossi-JU_Bgza3ZHE-unsplash-1-150x84.jpg 150w\" sizes=\"(max-width: 1300px) 100vw, 1300px\" \/>\t\t\t\t\t<\/div>\n\t\t\t\t\t<a class=\"wd-fill\" href=\"https:\/\/carismaviajes.com\/lo-mejor-de-la-toscana-7-dias-6-dias\/\"><\/a>\n\t\t\t\t\n\t\t\t\t\t\t\t<\/div>\n\t\t\n\t\t<div class=\"wd-post-content article-body-container\">\n\t\t\t\t\t\t\t<div class=\"wd-post-cat wd-style-with-bg meta-post-categories\">\n\t\t\t\t\t<a href=\"https:\/\/carismaviajes.com\/category\/viajes\/tipos-de-viaje\/culturales\/\" rel=\"category tag\">Culturales<\/a>, <a href=\"https:\/\/carismaviajes.com\/category\/viajes\/destinos\/europa\/\" rel=\"category tag\">Europa<\/a>, <a href=\"https:\/\/carismaviajes.com\/category\/viajes\/tipos-de-viaje\/familias\/\" rel=\"category tag\">Familias<\/a>, <a href=\"https:\/\/carismaviajes.com\/category\/viajes\/\" rel=\"category tag\">Viajes<\/a>\t\t\t\t<\/div>\n\t\t\t\n\t\t\t\t\t\t\t<h3 class=\"wd-post-title wd-entities-title title post-title\">\n\t\t\t\t\t<a href=\"https:\/\/carismaviajes.com\/lo-mejor-de-la-toscana-7-dias-6-dias\/\" rel=\"bookmark\">Lo mejor de la Toscana &#8211; 7 d\u00edas \/ 6 d\u00edas<\/a>\n\t\t\t\t<\/h3>\n\t\t\t\n\t\t\t\t\t\t\t<div class=\"wd-post-meta\">\n\t\t\t\t\t\t\t\t\t\t\t\t\t\t\t<div class=\"wd-post-author\">\n\t\t\t\t\t\t\t\t\t\t\t<span>Publicado por<\/span>\n\t\t\n\t\t\t\t\t<img alt='author-avatar' src='https:\/\/secure.gravatar.com\/avatar\/6003ac04b04ed03accf6e15b86046cb4666a0d4aaac6a2f952bc3699ba77a540?s=18&#038;d=mm&#038;r=g' srcset='https:\/\/secure.gravatar.com\/avatar\/6003ac04b04ed03accf6e15b86046cb4666a0d4aaac6a2f952bc3699ba77a540?s=36&#038;d=mm&#038;r=g 2x' class='avatar avatar-18 photo' height='18' width='18' decoding='async'\/>\t\t\n\t\t\t\t\t<a href=\"https:\/\/carismaviajes.com\/author\/tamara\/\" class=\"author\" rel=\"author\">Tamara<\/a>\n\t\t\t\t\t\t\t\t\t<\/div>\n\t\t\t\t\t<div class=\"wd-modified-date\">\n\t\t\t\t\t\t\t\t<time class=\"updated\" datetime=\"2025-07-11T17:09:24+02:00\">\n\t\t\t11 de julio de 2025\t\t<\/time>\n\t\t\t\t\t\t\t<\/div>\n\n\t\t\t\t\t\t\t\t\t\t\t<div class=\"wd-post-share wd-tltp\">\n\t\t\t\t\t\t\t<div class=\"tooltip top\">\n\t\t\t\t\t\t\t\t<div class=\"tooltip-inner\">\n\t\t\t\t\t\t\t\t\t\t\t\t<div\n\t\t\t\t\t\tclass=\" wd-social-icons wd-style-default wd-size-small social-share wd-shape-circle color-scheme-light text-center\">\n\t\t\t\t\n\t\t\t\t\n\t\t\t\t\t\t\t\t\t<a rel=\"noopener noreferrer nofollow\" href=\"https:\/\/www.facebook.com\/sharer\/sharer.php?u=https:\/\/carismaviajes.com\/category\/viajes\/destinos\/\" target=\"_blank\" class=\" wd-social-icon social-facebook\" aria-label=\"Enlace social en Facebook\">\n\t\t\t\t\t\t<span class=\"wd-icon\"><\/span>\n\t\t\t\t\t\t\t\t\t\t\t<\/a>\n\t\t\t\t\n\t\t\t\t\t\t\t\t\t<a rel=\"noopener noreferrer nofollow\" href=\"https:\/\/x.com\/share?url=https:\/\/carismaviajes.com\/category\/viajes\/destinos\/\" target=\"_blank\" class=\" wd-social-icon social-twitter\" aria-label=\"X enlace social\">\n\t\t\t\t\t\t<span class=\"wd-icon\"><\/span>\n\t\t\t\t\t\t\t\t\t\t\t<\/a>\n\t\t\t\t\n\t\t\t\t\n\t\t\t\t\n\t\t\t\t\n\t\t\t\t\n\t\t\t\t\n\t\t\t\t\t\t\t\t\t<a rel=\"noopener noreferrer nofollow\" href=\"https:\/\/pinterest.com\/pin\/create\/button\/?url=https:\/\/carismaviajes.com\/category\/viajes\/destinos\/&media=https:\/\/carismaviajes.com\/wp-content\/uploads\/2025\/07\/alessandro-rossi-JU_Bgza3ZHE-unsplash-1-scaled.jpg&description=Lo+mejor+de+la+Toscana+%26%238211%3B+7+d%C3%ADas+%2F+6+d%C3%ADas\" target=\"_blank\" class=\" wd-social-icon social-pinterest\" aria-label=\"Enlace social Pinterest\">\n\t\t\t\t\t\t<span class=\"wd-icon\"><\/span>\n\t\t\t\t\t\t\t\t\t\t\t<\/a>\n\t\t\t\t\n\t\t\t\t\n\t\t\t\t\t\t\t\t\t<a rel=\"noopener noreferrer nofollow\" href=\"https:\/\/www.linkedin.com\/shareArticle?mini=true&url=https:\/\/carismaviajes.com\/category\/viajes\/destinos\/\" target=\"_blank\" class=\" wd-social-icon social-linkedin\" aria-label=\"Enlace social Linkedin\">\n\t\t\t\t\t\t<span class=\"wd-icon\"><\/span>\n\t\t\t\t\t\t\t\t\t\t\t<\/a>\n\t\t\t\t\n\t\t\t\t\n\t\t\t\t\n\t\t\t\t\n\t\t\t\t\n\t\t\t\t\n\t\t\t\t\n\t\t\t\t\n\t\t\t\t\n\t\t\t\t\n\t\t\t\t\n\t\t\t\t\n\t\t\t\t\n\t\t\t\t\n\t\t\t\t\n\t\t\t\t\t\t\t\t\t<a rel=\"noopener noreferrer nofollow\" href=\"https:\/\/telegram.me\/share\/url?url=https:\/\/carismaviajes.com\/category\/viajes\/destinos\/\" target=\"_blank\" class=\" wd-social-icon social-tg\" aria-label=\"Enlace social de Telegram\">\n\t\t\t\t\t\t<span class=\"wd-icon\"><\/span>\n\t\t\t\t\t\t\t\t\t\t\t<\/a>\n\t\t\t\t\n\t\t\t\t\n\t\t\t<\/div>\n\n\t\t\t\t\t\t\t\t\t\t<\/div>\n\t\t\t\t\t\t\t\t<div class=\"tooltip-arrow\"><\/div>\n\t\t\t\t\t\t\t<\/div>\n\t\t\t\t\t\t<\/div>\n\t\t\t\t\t\n\t\t\t\t\t\t\t\t\t<\/div>\n\t\t\t\n\t\t\t\t\t\t\t\n\t\t\t\t\t\t\t\t\t\t\t\t\t\t<div class=\"wd-post-read-more wd-style-link read-more-section\">\n\t\t\t\t\t\t<a class=\"\" href=\"https:\/\/carismaviajes.com\/lo-mejor-de-la-toscana-7-dias-6-dias\/\">Seguir leyendo<\/a>\t\t\t\t\t<\/div>\n\t\t\t\t\t\t\t\t\t\t\t\t\t<\/div>\n\t<\/div>\n<\/article>\n\n\t\t\t\t\t\n\t\t\t\t\t","status":"have-posts","nextPage":"https:\/\/carismaviajes.com\/category\/viajes\/destinos\/page\/3\/?woo_ajax=1","currentPage":"https:\/\/carismaviajes.com\/category\/viajes\/destinos\/page\/2"}